{"id":8037,"date":"2023-11-27T21:51:31","date_gmt":"2023-11-28T01:51:31","guid":{"rendered":"https:\/\/webdealta.info\/?p=8037"},"modified":"2023-11-28T20:27:43","modified_gmt":"2023-11-29T00:27:43","slug":"pedro-de-mendonca-satisfecho-por-resultado-de-gira-en-el-orituco","status":"publish","type":"post","link":"https:\/\/webdealta.info\/?p=8037","title":{"rendered":"Pedro de Mendonca satisfecho por resultado de gira en el Orituco"},"content":{"rendered":"\n<p>Amanda Saldivia.-<\/p>\n\n\n\n<p>Entusiasmado por la conformaci\u00f3n de los equipos parroquiales en el municipio Jos\u00e9 Tadeo Monagas, se mostr\u00f3 Pedro de Mendonca, coordinaci\u00f3n regional de Vente Venezuela, quien particip\u00f3 en el programa Tiempo de Cambios de este lunes 27 de noviembre.<\/p>\n\n\n\n<p>\u201cHa sido una jornada extenuante y demandante, pero super satisfactoria, porque lo que estamos viendo en todos los rincones del municipio Monagas y del estado Gu\u00e1rico es la determinaci\u00f3n de la gente a salir de este desastre\u201d, dijo al comenzar la entrevista que se transmiti\u00f3 por la emisora Activa 104.9 FM de Altagracia de Orituco.<\/p>\n\n\n\n<p>Durante el desarrollo del programa, detall\u00f3 las condiciones de abandono que tienen los caser\u00edos de Gu\u00e1rico, entre ellos Tuira, parroquia San Rafael, donde describi\u00f3 la vialidad como \u201cun pedregal\u201d, solo para veh\u00edculos de doble tracci\u00f3n.<\/p>\n\n\n\n<p>Sobre la receptividad de los pobladores del Orituco, se\u00f1al\u00f3 que est\u00e1n dispuestos a participar abiertamente en respaldo a la candidatura de Mar\u00eda Corina Machado, motivo por el cual ya est\u00e1n conformados los equipos de San Rafael, Lezama, Libertad de Orituco, Paso Real de Macaira y que continuar\u00e1 con el resto de las parroquias.<\/p>\n\n\n\n<p>Igualmente, precis\u00f3 que ser\u00e1n constituidos Colegios Ciudadanos en cada centro electoral, instancia que elegir\u00e1 la nueva directiva de Vente Venezuela, para que sea por la base y no por imposici\u00f3n de la dirigencia.<\/p>\n\n\n\n<p>En referencia a la inhabilitaci\u00f3n de Mar\u00eda Corina Machado, dijo que no hay nada por escrito que la califique como tal y que la candidata presidencial sigue adelante con su agenda, en estos momentos enfocada en contactos con l\u00edderes de diferentes pa\u00edses y preparada para los anuncios que har\u00e1 a mediados del mes de diciembre.<\/p>\n\n\n\n<p>@amandasaldivia  <\/p>\n\n\n\n<p><\/p>\n","protected":false},"excerpt":{"rendered":"<p>Amanda Saldivia.- Entusiasmado por la conformaci\u00f3n de los equipos parroquiales en el municipio Jos\u00e9 Tadeo Monagas, se mostr\u00f3 Pedro de Mendonca, coordinaci\u00f3n regional de Vente Venezuela, quien particip\u00f3 en el programa Tiempo de Cambios de este lunes 27 de noviembre. \u201cHa sido una jornada extenuante y demandante, pero super satisfactoria,<\/p>\n","protected":false},"author":2,"featured_media":8038,"comment_status":"open","ping_status":"open","sticky":false,"template":"","format":"standard","meta":{"advanced_seo_description":"","jetpack_seo_html_title":"","jetpack_seo_noindex":false,"_jetpack_memberships_contains_paid_content":false,"footnotes":"","jetpack_publicize_message":"","jetpack_publicize_feature_enabled":true,"jetpack_social_post_already_shared":true,"jetpack_social_options":{"image_generator_settings":{"template":"highway","enabled":false},"version":2}},"categories":[142,251],"tags":[8,7,32],"class_list":["post-8037","post","type-post","status-publish","format-standard","has-post-thumbnail","hentry","category-politica","category-webdealta","tag-altagraciadeorituco","tag-guarico","tag-webdealta",""],"jetpack_publicize_connections":[],"jetpack_featured_media_url":"https:\/\/webdealta.info\/wp-content\/uploads\/2023\/11\/pedro-de-mendonca-webdealta.png","jetpack_sharing_enabled":true,"jetpack_likes_enabled":true,"jetpack-related-posts":[],"jetpack_shortlink":"https:\/\/wp.me\/pcseDn-25D","_links":{"self":[{"href":"https:\/\/webdealta.info\/index.php?rest_route=\/wp\/v2\/posts\/8037","targetHints":{"allow":["GET"]}}],"collection":[{"href":"https:\/\/webdealta.info\/index.php?rest_route=\/wp\/v2\/posts"}],"about":[{"href":"https:\/\/webdealta.info\/index.php?rest_route=\/wp\/v2\/types\/post"}],"author":[{"embeddable":true,"href":"https:\/\/webdealta.info\/index.php?rest_route=\/wp\/v2\/users\/2"}],"replies":[{"embeddable":true,"href":"https:\/\/webdealta.info\/index.php?rest_route=%2Fwp%2Fv2%2Fcomments&post=8037"}],"version-history":[{"count":2,"href":"https:\/\/webdealta.info\/index.php?rest_route=\/wp\/v2\/posts\/8037\/revisions"}],"predecessor-version":[{"id":8040,"href":"https:\/\/webdealta.info\/index.php?rest_route=\/wp\/v2\/posts\/8037\/revisions\/8040"}],"wp:featuredmedia":[{"embeddable":true,"href":"https:\/\/webdealta.info\/index.php?rest_route=\/wp\/v2\/media\/8038"}],"wp:attachment":[{"href":"https:\/\/webdealta.info\/index.php?rest_route=%2Fwp%2Fv2%2Fmedia&parent=8037"}],"wp:term":[{"taxonomy":"category","embeddable":true,"href":"https:\/\/webdealta.info\/index.php?rest_route=%2Fwp%2Fv2%2Fcategories&post=8037"},{"taxonomy":"post_tag","embeddable":true,"href":"https:\/\/webdealta.info\/index.php?rest_route=%2Fwp%2Fv2%2Ftags&post=8037"}],"curies":[{"name":"wp","href":"https:\/\/api.w.org\/{rel}","templated":true}]}}