{"id":8017,"date":"2023-11-22T09:19:29","date_gmt":"2023-11-22T13:19:29","guid":{"rendered":"https:\/\/webdealta.info\/?p=8017"},"modified":"2023-11-22T09:19:36","modified_gmt":"2023-11-22T13:19:36","slug":"gobierno-bolivariano-entrego-como-nuevo-el-complejo-escolar-macaira","status":"publish","type":"post","link":"https:\/\/webdealta.info\/?p=8017","title":{"rendered":"Gobierno Bolivariano entreg\u00f3 como nuevo el Complejo Escolar Macaira"},"content":{"rendered":"\n<p>Una instituci\u00f3n m\u00e1s es rehabilitada en Gu\u00e1rico, sum\u00e1ndose al desarrollo educativo de la regi\u00f3n, se trata del Complejo Escolar Macaira, ubicado en la parroquia San Francisco de Macaira, municipio Jos\u00e9 Tadeo Monagas, instituci\u00f3n que fue entregada al gobernador de la entidad, Jos\u00e9 V\u00e1squez, quien coordin\u00f3 un trabajo mancomunado entre las Brigadas Comunitarias Militares (Bricomiles), la Fundaci\u00f3n de Edificaciones y Dotaciones Escolares (FEDE), el Poder Popular Organizado y el Gobierno Bolivariano.<\/p>\n\n\n\n<p>En este sentido, el gobernador Jos\u00e9 V\u00e1squez, expres\u00f3 durante una transmisi\u00f3n especial desde esta jurisdicci\u00f3n guarique\u00f1a, \u00abestamos d\u00e1ndole buenas nuevas a Gu\u00e1rico, a Monagas, a Macaira en especial, con la rehabilitaci\u00f3n de este importante centro educativo. A trav\u00e9s de un trabajo articulado, hoy hemos venido en nombre de la Revoluci\u00f3n Bolivariana, a entregar como nuevas est\u00e1s instalaciones, para mostrarle a Gu\u00e1rico, como con la coordinaci\u00f3n de las Brigadas Comunitarias, el Poder Popular, juntos y unidos estamos atendiendo al pueblo\u201d.<\/p>\n\n\n\n<p>Asimismo, V\u00e1squez destac\u00f3 que es de especial agrado cuando como equipo de un solo Gobierno, se acude a las comunidades y municipios a trabajar por el pueblo, adem\u00e1s manifest\u00f3 con emoci\u00f3n que \u00abest\u00e1 escuela ha quedado hermosa, as\u00ed que tienen que cuidar estos espacios, y estudiar mucho, ya que ustedes son el futuro de nuestra patria\u00bb, enfatiz\u00f3 el l\u00edder regional.<\/p>\n\n\n\n<p>\u00abEst\u00e1 modalidad es distinta a gestiones anteriores, ya que a pesar del bloqueo ac\u00e1 estamos trabajando, unidos por hacer grandes logros\u00bb, agreg\u00f3 el gobernador.<\/p>\n\n\n\n<p>De igual forma, el alcalde de la municipalidad, Pedro Sol\u00f3rzano, expres\u00f3 su agradecimiento hacia el gobernador, en nombre del pueblo, por esta obra, \u00abdesde el primer momento que se inici\u00f3 esta rehabilitaci\u00f3n, el pueblo coloc\u00f3 su granito de arena para hacer cumplir este compromiso educativo\u00bb, enfatiz\u00f3 el alcalde, al mismo tiempo que destac\u00f3 que no s\u00f3lo se ha venido atendiendo est\u00e1 unidad educativa, sino tambi\u00e9n otras como el Plantel Jos\u00e9 Ram\u00f3n Camejo y la rehabilitaci\u00f3n integral del Plantel Jos\u00e9 Francisco Torrealba.<\/p>\n\n\n\n<p>\u00abAsimismo, estamos trabajando con la Fundaci\u00f3n del Ni\u00f1o en la ciudad de Altagracia en la recuperaci\u00f3n de una infraestructura deportiva\u00bb, entre otras, siendo este un trabajo en conjunto con FEDE, las Brigadas comunitarias, el Gobierno y el Poder Popular, puntualiz\u00f3 el alcalde Pedro Sol\u00f3rzano.<\/p>\n\n\n\n<p>Del mismo modo, El\u00edas Zurita director regional del Centro de Calidad Educativa dijo que \u00abparte de las aulas de clases se han recuperado bajo un trabajo en conjunto y en esta oportunidad realizamos labores de impermeabilizaci\u00f3n, mejora del techo, as\u00ed como 6 \u00e1reas administrativas y el resto de infraestructuras que comprende la escuela\u00bb, destacando tambi\u00e9n que se trabaj\u00f3 en el liceo que se encuentra adyacente a la unidad educativa, y el Jard\u00edn de Infancia que igualmente fue recuperado, \u00abesto fue un esfuerzo que se hizo adem\u00e1s con el apoyo de la comunidad\u00bb.<\/p>\n\n\n\n<p>De igual forma, Migdalia Hurtado, coordinadora de FEDE inform\u00f3 que en tiempos complejos a\u00fan se sigue dando respuesta al pueblo de la mano del presidente Nicol\u00e1s Maduro, la ministra para la educaci\u00f3n Yelitza Santaella, de todo el equipo del ministerio de educaci\u00f3n, la gobernaci\u00f3n del estado Gu\u00e1rico, la alcald\u00eda de la jurisdicci\u00f3n, la uni\u00f3n c\u00edvico-militar y la comunidad.<\/p>\n\n\n\n<p>\u00abEst\u00e1 instituci\u00f3n cuenta de 22 aulas, las cuales todas han sido rehabilitadas totalmente con impermeabilizaci\u00f3n, \u00e1reas sanitarias, sistema el\u00e9ctrico, pintura, mejora de todas las \u00e1reas internas y externas, as\u00ed como la cancha deportiva y la dotaci\u00f3n de todas las instituciones de este punto y c\u00edrculo de la parroquia de Macaira\u00bb, manifest\u00f3 Hurtado, agregando que en el estado Gu\u00e1rico se tiene ya el 30% de las instalaciones educativas ya rehabilitadas.   <\/p>\n\n\n\n<p><strong>Sibci Gu\u00e1rico<\/strong><\/p>\n\n\n\n<p><\/p>\n","protected":false},"excerpt":{"rendered":"<p>Una instituci\u00f3n m\u00e1s es rehabilitada en Gu\u00e1rico, sum\u00e1ndose al desarrollo educativo de la regi\u00f3n, se trata del Complejo Escolar Macaira, ubicado en la parroquia San Francisco de Macaira, municipio Jos\u00e9 Tadeo Monagas, instituci\u00f3n que fue entregada al gobernador de la entidad, Jos\u00e9 V\u00e1squez, quien coordin\u00f3 un trabajo mancomunado entre las<\/p>\n","protected":false},"author":2,"featured_media":8018,"comment_status":"open","ping_status":"open","sticky":false,"template":"","format":"standard","meta":{"advanced_seo_description":"","jetpack_seo_html_title":"","jetpack_seo_noindex":false,"_jetpack_memberships_contains_paid_content":false,"footnotes":"","jetpack_publicize_message":"","jetpack_publicize_feature_enabled":true,"jetpack_social_post_already_shared":true,"jetpack_social_options":{"image_generator_settings":{"template":"highway","enabled":false},"version":2}},"categories":[284,251],"tags":[8,7,32],"class_list":["post-8017","post","type-post","status-publish","format-standard","has-post-thumbnail","hentry","category-gobierno-de-guarico","category-webdealta","tag-altagraciadeorituco","tag-guarico","tag-webdealta",""],"jetpack_publicize_connections":[],"jetpack_featured_media_url":"https:\/\/webdealta.info\/wp-content\/uploads\/2023\/11\/macaira-webdealta-escuela.png","jetpack_sharing_enabled":true,"jetpack_likes_enabled":true,"jetpack-related-posts":[],"jetpack_shortlink":"https:\/\/wp.me\/pcseDn-25j","_links":{"self":[{"href":"https:\/\/webdealta.info\/index.php?rest_route=\/wp\/v2\/posts\/8017","targetHints":{"allow":["GET"]}}],"collection":[{"href":"https:\/\/webdealta.info\/index.php?rest_route=\/wp\/v2\/posts"}],"about":[{"href":"https:\/\/webdealta.info\/index.php?rest_route=\/wp\/v2\/types\/post"}],"author":[{"embeddable":true,"href":"https:\/\/webdealta.info\/index.php?rest_route=\/wp\/v2\/users\/2"}],"replies":[{"embeddable":true,"href":"https:\/\/webdealta.info\/index.php?rest_route=%2Fwp%2Fv2%2Fcomments&post=8017"}],"version-history":[{"count":1,"href":"https:\/\/webdealta.info\/index.php?rest_route=\/wp\/v2\/posts\/8017\/revisions"}],"predecessor-version":[{"id":8019,"href":"https:\/\/webdealta.info\/index.php?rest_route=\/wp\/v2\/posts\/8017\/revisions\/8019"}],"wp:featuredmedia":[{"embeddable":true,"href":"https:\/\/webdealta.info\/index.php?rest_route=\/wp\/v2\/media\/8018"}],"wp:attachment":[{"href":"https:\/\/webdealta.info\/index.php?rest_route=%2Fwp%2Fv2%2Fmedia&parent=8017"}],"wp:term":[{"taxonomy":"category","embeddable":true,"href":"https:\/\/webdealta.info\/index.php?rest_route=%2Fwp%2Fv2%2Fcategories&post=8017"},{"taxonomy":"post_tag","embeddable":true,"href":"https:\/\/webdealta.info\/index.php?rest_route=%2Fwp%2Fv2%2Ftags&post=8017"}],"curies":[{"name":"wp","href":"https:\/\/api.w.org\/{rel}","templated":true}]}}