{"id":8009,"date":"2023-11-19T12:30:09","date_gmt":"2023-11-19T16:30:09","guid":{"rendered":"https:\/\/webdealta.info\/?p=8009"},"modified":"2023-11-19T12:30:10","modified_gmt":"2023-11-19T16:30:10","slug":"el-poder-del-conocimiento-de-quienes-eran-las-casas-del-gobierno-municipal","status":"publish","type":"post","link":"https:\/\/webdealta.info\/?p=8009","title":{"rendered":"El Poder del Conocimiento: De qui\u00e9nes eran las casas del gobierno municipal"},"content":{"rendered":"\n<p>Amanda Saldivia.-<\/p>\n\n\n\n<p>Al frente de la plaza Bol\u00edvar de Altagracia de Orituco est\u00e1n dos casas que datan del siglo XIX y que son sede del gobierno municipal. Resulta interesante conocer qui\u00e9nes las construyeron y cu\u00e1l era su uso.<\/p>\n\n\n\n<p>Esos datos interesantes los aporta el Dr. Carlos L\u00f3pez Garces, cronista del municipio Jos\u00e9 Tadeo Monagas, quien en un trabajo titulado Casa del Gobierno Municipal en Orituco, publicado en el a\u00f1o 2017, rese\u00f1a que una de ellas, la m\u00e1s grande de columnas al frente fue construida por Nicol\u00e1s de Cerpa, para usarla como residencia familiar.<\/p>\n\n\n\n<p>Sin duda una enorme casona, de m\u00e1s de mil metros cuadrados de construcci\u00f3n, con mucha historia, que para el 31 de mayo de 1864 ya era propiedad de la municipalidad. El cronista cita que fue Casa de Gobierno desde el 27 de septiembre de 1870, cuando Altagracia fue establecida como capital ejecutiva del departamento Cede\u00f1o, nombre que tuvo esta regi\u00f3n. All\u00ed estaba la prefectura y la comandancia militar ejercida por el general Carlos Pinto, oriundo de El Sombrero.<\/p>\n\n\n\n<p>De la segunda casa, el cronista Carlos L\u00f3pez Garces escribi\u00f3 que no hay datos precisos sobre el origen, solo que ya exist\u00eda en la segunda mitad del siglo XIX, edificada en un terreno de casi 600 metros cuadrados y que su uso tambi\u00e9n fue familiar.<\/p>\n\n\n\n<p>En ella vivi\u00f3 el Dr. Pedro Mar\u00eda Ar\u00e9valo Cede\u00f1o, m\u00e9dico que naci\u00f3 en Valle de la Pascua y que se radic\u00f3 en el Orituco. A \u00e9l lo recuerdan como un ciudadano ejemplar, miembro de la Academia Nacional de Medicina, cofundador del hospital San Antonio, creador del colegio Gu\u00e1rico en 1931, el cual se conoce ahora con el nombre de Ram\u00f3n Buenahora.<\/p>\n\n\n\n<p>A las afueras de esa vivienda, est\u00e1 una placa como recordatorio de que all\u00ed vivi\u00f3 este destacado m\u00e9dico que tantos aportes valiosos hizo por el Orituco.<\/p>\n\n\n\n<p>En la actualidad esas dos casas est\u00e1n unidas internamente luego de remodelaciones, pero a fines hist\u00f3ricos el cronista L\u00f3pez Garces considera que debe identificarse como dos viviendas y que es un error que se les llame Palacio Municipal o Palacio de los Ar\u00e9valo, aunque si deja claro que la vivienda construida por Nicolas de Cerpa y que fue adquirida por gobierno ha tenido varios nombres a lo largo de la historia, entre ellos Casa de la Jefatura Civil, Casa del Concejo y ahora sede de la alcald\u00eda.<\/p>\n\n\n\n<p>Esas enormes viviendas construidas con ladillos, techos de ca\u00f1a amarga y teja, con una joya arquitect\u00f3nica, muestra de la vigorosa econom\u00eda de esta tierra en el siglo XIX, por esa raz\u00f3n debe ser celosamente preservadas.<\/p>\n\n\n\n<p>@amandasaldivia  <\/p>\n\n\n\n<p><\/p>\n","protected":false},"excerpt":{"rendered":"<p>Amanda Saldivia.- Al frente de la plaza Bol\u00edvar de Altagracia de Orituco est\u00e1n dos casas que datan del siglo XIX y que son sede del gobierno municipal. Resulta interesante conocer qui\u00e9nes las construyeron y cu\u00e1l era su uso. Esos datos interesantes los aporta el Dr. Carlos L\u00f3pez Garces, cronista del<\/p>\n","protected":false},"author":2,"featured_media":8010,"comment_status":"open","ping_status":"open","sticky":false,"template":"","format":"standard","meta":{"advanced_seo_description":"","jetpack_seo_html_title":"","jetpack_seo_noindex":false,"_jetpack_memberships_contains_paid_content":false,"footnotes":"","jetpack_publicize_message":"","jetpack_publicize_feature_enabled":true,"jetpack_social_post_already_shared":true,"jetpack_social_options":{"image_generator_settings":{"template":"highway","enabled":false},"version":2}},"categories":[302],"tags":[8,7,32],"class_list":["post-8009","post","type-post","status-publish","format-standard","has-post-thumbnail","hentry","category-el-poder-del-conocimiento","tag-altagraciadeorituco","tag-guarico","tag-webdealta",""],"jetpack_publicize_connections":[],"jetpack_featured_media_url":"https:\/\/webdealta.info\/wp-content\/uploads\/2023\/11\/casa-de-gobierno-webdealta-el-poder-del-conocimiento.png","jetpack_sharing_enabled":true,"jetpack_likes_enabled":true,"jetpack-related-posts":[],"jetpack_shortlink":"https:\/\/wp.me\/pcseDn-25b","_links":{"self":[{"href":"https:\/\/webdealta.info\/index.php?rest_route=\/wp\/v2\/posts\/8009","targetHints":{"allow":["GET"]}}],"collection":[{"href":"https:\/\/webdealta.info\/index.php?rest_route=\/wp\/v2\/posts"}],"about":[{"href":"https:\/\/webdealta.info\/index.php?rest_route=\/wp\/v2\/types\/post"}],"author":[{"embeddable":true,"href":"https:\/\/webdealta.info\/index.php?rest_route=\/wp\/v2\/users\/2"}],"replies":[{"embeddable":true,"href":"https:\/\/webdealta.info\/index.php?rest_route=%2Fwp%2Fv2%2Fcomments&post=8009"}],"version-history":[{"count":1,"href":"https:\/\/webdealta.info\/index.php?rest_route=\/wp\/v2\/posts\/8009\/revisions"}],"predecessor-version":[{"id":8011,"href":"https:\/\/webdealta.info\/index.php?rest_route=\/wp\/v2\/posts\/8009\/revisions\/8011"}],"wp:featuredmedia":[{"embeddable":true,"href":"https:\/\/webdealta.info\/index.php?rest_route=\/wp\/v2\/media\/8010"}],"wp:attachment":[{"href":"https:\/\/webdealta.info\/index.php?rest_route=%2Fwp%2Fv2%2Fmedia&parent=8009"}],"wp:term":[{"taxonomy":"category","embeddable":true,"href":"https:\/\/webdealta.info\/index.php?rest_route=%2Fwp%2Fv2%2Fcategories&post=8009"},{"taxonomy":"post_tag","embeddable":true,"href":"https:\/\/webdealta.info\/index.php?rest_route=%2Fwp%2Fv2%2Ftags&post=8009"}],"curies":[{"name":"wp","href":"https:\/\/api.w.org\/{rel}","templated":true}]}}