{"id":8004,"date":"2023-11-19T11:40:41","date_gmt":"2023-11-19T15:40:41","guid":{"rendered":"https:\/\/webdealta.info\/?p=8004"},"modified":"2023-11-19T11:40:55","modified_gmt":"2023-11-19T15:40:55","slug":"se-registro-incendio-en-reconocido-comercio-de-cosmeticos","status":"publish","type":"post","link":"https:\/\/webdealta.info\/?p=8004","title":{"rendered":"Se registr\u00f3 incendio en reconocido comercio de cosm\u00e9ticos"},"content":{"rendered":"\n<p>Amanda Saldivia.-<\/p>\n\n\n\n<p>P\u00e9rdidas de mercanc\u00eda, techo raso, vidrieras y puerta de acceso, fueron algunos de los da\u00f1os que arroj\u00f3 el incendio que se registr\u00f3 a la medianoche de este domingo 19 de noviembre, en un conocido comercio de cosm\u00e9ticos, ubicado en la calle Bol\u00edvar de Altagracia de Orituco.<\/p>\n\n\n\n<p>La pronta intervenci\u00f3n de los due\u00f1os y de un vecino que sofoc\u00f3 las llamas con un extintor, adem\u00e1s de la posterior intervenci\u00f3n de funcionarios del cuerpo de bomberos Andr\u00e9 Fourneau, hizo que el siniestro fuera controlado.<\/p>\n\n\n\n<p>Hasta el momento se cree que fue un cortocircuito lo que ocasion\u00f3 el incendio, eso a pesar de que los propietarios toman la previsi\u00f3n de cortan la energ\u00eda el\u00e9ctrica al momento de cerrar el establecimiento, en virtud de las constantes fluctuaciones que se registran en esta localidad guarique\u00f1a.<\/p>\n\n\n\n<p>@amandasaldivia<\/p>\n","protected":false},"excerpt":{"rendered":"<p>Amanda Saldivia.- P\u00e9rdidas de mercanc\u00eda, techo raso, vidrieras y puerta de acceso, fueron algunos de los da\u00f1os que arroj\u00f3 el incendio que se registr\u00f3 a la medianoche de este domingo 19 de noviembre, en un conocido comercio de cosm\u00e9ticos, ubicado en la calle Bol\u00edvar de Altagracia de Orituco. La pronta<\/p>\n","protected":false},"author":2,"featured_media":8005,"comment_status":"open","ping_status":"open","sticky":false,"template":"","format":"standard","meta":{"advanced_seo_description":"","jetpack_seo_html_title":"","jetpack_seo_noindex":false,"_jetpack_memberships_contains_paid_content":false,"footnotes":"","jetpack_publicize_message":"","jetpack_publicize_feature_enabled":true,"jetpack_social_post_already_shared":true,"jetpack_social_options":{"image_generator_settings":{"template":"highway","enabled":false},"version":2}},"categories":[234,251],"tags":[8,7,32],"class_list":["post-8004","post","type-post","status-publish","format-standard","has-post-thumbnail","hentry","category-sucesos","category-webdealta","tag-altagraciadeorituco","tag-guarico","tag-webdealta",""],"jetpack_publicize_connections":[],"jetpack_featured_media_url":"https:\/\/webdealta.info\/wp-content\/uploads\/2023\/11\/incendio-webdealta-2023.png","jetpack_sharing_enabled":true,"jetpack_likes_enabled":true,"jetpack-related-posts":[],"jetpack_shortlink":"https:\/\/wp.me\/pcseDn-256","_links":{"self":[{"href":"https:\/\/webdealta.info\/index.php?rest_route=\/wp\/v2\/posts\/8004","targetHints":{"allow":["GET"]}}],"collection":[{"href":"https:\/\/webdealta.info\/index.php?rest_route=\/wp\/v2\/posts"}],"about":[{"href":"https:\/\/webdealta.info\/index.php?rest_route=\/wp\/v2\/types\/post"}],"author":[{"embeddable":true,"href":"https:\/\/webdealta.info\/index.php?rest_route=\/wp\/v2\/users\/2"}],"replies":[{"embeddable":true,"href":"https:\/\/webdealta.info\/index.php?rest_route=%2Fwp%2Fv2%2Fcomments&post=8004"}],"version-history":[{"count":1,"href":"https:\/\/webdealta.info\/index.php?rest_route=\/wp\/v2\/posts\/8004\/revisions"}],"predecessor-version":[{"id":8006,"href":"https:\/\/webdealta.info\/index.php?rest_route=\/wp\/v2\/posts\/8004\/revisions\/8006"}],"wp:featuredmedia":[{"embeddable":true,"href":"https:\/\/webdealta.info\/index.php?rest_route=\/wp\/v2\/media\/8005"}],"wp:attachment":[{"href":"https:\/\/webdealta.info\/index.php?rest_route=%2Fwp%2Fv2%2Fmedia&parent=8004"}],"wp:term":[{"taxonomy":"category","embeddable":true,"href":"https:\/\/webdealta.info\/index.php?rest_route=%2Fwp%2Fv2%2Fcategories&post=8004"},{"taxonomy":"post_tag","embeddable":true,"href":"https:\/\/webdealta.info\/index.php?rest_route=%2Fwp%2Fv2%2Ftags&post=8004"}],"curies":[{"name":"wp","href":"https:\/\/api.w.org\/{rel}","templated":true}]}}