{"id":7995,"date":"2023-11-15T21:51:28","date_gmt":"2023-11-16T01:51:28","guid":{"rendered":"https:\/\/webdealta.info\/?p=7995"},"modified":"2023-11-15T21:51:42","modified_gmt":"2023-11-16T01:51:42","slug":"yolivares-infante-es-el-nuevo-coordinador-de-la-plataforma-unitaria","status":"publish","type":"post","link":"https:\/\/webdealta.info\/?p=7995","title":{"rendered":"Yolivares Infante es el nuevo coordinador de la Plataforma Unitaria"},"content":{"rendered":"\n<p>Amanda Saldivia.-<\/p>\n\n\n\n<p>Yolivares Infante, dirigente de Acci\u00f3n Democr\u00e1tica en resistencia, fue juramentado como nuevo coordinador de la Plataforma Unitaria en el municipio Jos\u00e9 Tadeo Monagas, Gu\u00e1rico, cargo que ejercer\u00e1 por un lapso estimado de tres a cuatro meses, por acuerdo de los partidos pol\u00edticos que la integran.<\/p>\n\n\n\n<p>Al ofrecer declaraciones sobre el rol que cumplir\u00e1, dijo que, as\u00ed como la Plataforma Unitaria llev\u00f3 adelante el proceso de Primaria donde gan\u00f3 Mar\u00eda Corina Machado, ahora apoyar\u00e1n al equipo pol\u00edtico de Vente Venezuela, con miras a la elecci\u00f3n presidencial de 2024.<\/p>\n\n\n\n<p>Entre esas primeras acciones, se\u00f1al\u00f3 que est\u00e1 en reuniones con los diferentes sectores pol\u00edticos y sociales, as\u00ed como tambi\u00e9n acompa\u00f1ar\u00e1 a Pedro de Mendonca, coordinadora regional de Vente, en la gira que realizar\u00e1 pr\u00f3ximamente al Orituco.<\/p>\n\n\n\n<p><strong>Soy m\u00e1s dirigente vecinal<\/strong><\/p>\n\n\n\n<p>Sobre el rol vecinal que desempe\u00f1a como integrante del Consejo Comunal de Tricentenario II, Infante dijo que esa es su vocaci\u00f3n desde hace m\u00e1s de 30 a\u00f1os y que, aunque es adeco, la pol\u00edtica partidista queda a un lado, porque la intenci\u00f3n es unir esfuerzos, como lo hacen en los actuales momentos con acciones de limpieza e instalaci\u00f3n de luminarias por autogesti\u00f3n y aportes de comerciantes.<\/p>\n\n\n\n<p>En medio de la conversaci\u00f3n sostenida, la cual fue transmitida por la red social Instagram @amandasaldivia, critic\u00f3 la posici\u00f3n del PSUV de trabajar solo con la Ubch, eso a pesar de las conversaciones que eventualmente sostiene con el alcalde Pedro Sol\u00f3rzano.<\/p>\n\n\n\n<p>Yolivares Infante, considera que es un error esa postura, porque limita la acci\u00f3n de los dirigentes electos y es violatoria de lo establecido en la Ley de Consejos Comunales.<\/p>\n\n\n\n<p>@amandasaldivia   <\/p>\n\n\n\n<p><\/p>\n","protected":false},"excerpt":{"rendered":"<p>Amanda Saldivia.- Yolivares Infante, dirigente de Acci\u00f3n Democr\u00e1tica en resistencia, fue juramentado como nuevo coordinador de la Plataforma Unitaria en el municipio Jos\u00e9 Tadeo Monagas, Gu\u00e1rico, cargo que ejercer\u00e1 por un lapso estimado de tres a cuatro meses, por acuerdo de los partidos pol\u00edticos que la integran. Al ofrecer declaraciones<\/p>\n","protected":false},"author":2,"featured_media":7996,"comment_status":"open","ping_status":"open","sticky":false,"template":"","format":"standard","meta":{"advanced_seo_description":"","jetpack_seo_html_title":"","jetpack_seo_noindex":false,"_jetpack_memberships_contains_paid_content":false,"footnotes":"","jetpack_publicize_message":"","jetpack_publicize_feature_enabled":true,"jetpack_social_post_already_shared":true,"jetpack_social_options":{"image_generator_settings":{"template":"highway","enabled":false},"version":2}},"categories":[142,251],"tags":[8,7,32],"class_list":["post-7995","post","type-post","status-publish","format-standard","has-post-thumbnail","hentry","category-politica","category-webdealta","tag-altagraciadeorituco","tag-guarico","tag-webdealta",""],"jetpack_publicize_connections":[],"jetpack_featured_media_url":"https:\/\/webdealta.info\/wp-content\/uploads\/2023\/11\/yolivares-infante-webdealta-noviembre.png","jetpack_sharing_enabled":true,"jetpack_likes_enabled":true,"jetpack-related-posts":[],"jetpack_shortlink":"https:\/\/wp.me\/pcseDn-24X","_links":{"self":[{"href":"https:\/\/webdealta.info\/index.php?rest_route=\/wp\/v2\/posts\/7995","targetHints":{"allow":["GET"]}}],"collection":[{"href":"https:\/\/webdealta.info\/index.php?rest_route=\/wp\/v2\/posts"}],"about":[{"href":"https:\/\/webdealta.info\/index.php?rest_route=\/wp\/v2\/types\/post"}],"author":[{"embeddable":true,"href":"https:\/\/webdealta.info\/index.php?rest_route=\/wp\/v2\/users\/2"}],"replies":[{"embeddable":true,"href":"https:\/\/webdealta.info\/index.php?rest_route=%2Fwp%2Fv2%2Fcomments&post=7995"}],"version-history":[{"count":1,"href":"https:\/\/webdealta.info\/index.php?rest_route=\/wp\/v2\/posts\/7995\/revisions"}],"predecessor-version":[{"id":7997,"href":"https:\/\/webdealta.info\/index.php?rest_route=\/wp\/v2\/posts\/7995\/revisions\/7997"}],"wp:featuredmedia":[{"embeddable":true,"href":"https:\/\/webdealta.info\/index.php?rest_route=\/wp\/v2\/media\/7996"}],"wp:attachment":[{"href":"https:\/\/webdealta.info\/index.php?rest_route=%2Fwp%2Fv2%2Fmedia&parent=7995"}],"wp:term":[{"taxonomy":"category","embeddable":true,"href":"https:\/\/webdealta.info\/index.php?rest_route=%2Fwp%2Fv2%2Fcategories&post=7995"},{"taxonomy":"post_tag","embeddable":true,"href":"https:\/\/webdealta.info\/index.php?rest_route=%2Fwp%2Fv2%2Ftags&post=7995"}],"curies":[{"name":"wp","href":"https:\/\/api.w.org\/{rel}","templated":true}]}}