{"id":7977,"date":"2023-11-10T17:20:41","date_gmt":"2023-11-10T21:20:41","guid":{"rendered":"https:\/\/webdealta.info\/?p=7977"},"modified":"2023-11-10T17:20:50","modified_gmt":"2023-11-10T21:20:50","slug":"chocaron-contra-camion-de-la-guardia-rural-dos-fallecidos-y-un-herido","status":"publish","type":"post","link":"https:\/\/webdealta.info\/?p=7977","title":{"rendered":"Chocaron contra cami\u00f3n de la Guardia Rural: dos fallecidos y un herido"},"content":{"rendered":"\n<p>Amanda Saldivia.-<\/p>\n\n\n\n<p>En la madrugada de este viernes 10 de noviembre se registr\u00f3 una colisi\u00f3n entre un veh\u00edculo marca Chevrolet, modelo corsa y un cami\u00f3n tipo convoy de la Guardia Rural, lo que trajo como consecuencia dos personas fallecidas y una herida, hecho ocurrido en la carretera nacional v\u00eda oriente, a la altura del sector Dos Caminos de Altagracia de Orituco.<\/p>\n\n\n\n<p>El general Denis Dur\u00e1n, comandante del Cuerpo de Bomberos Andr\u00e9 Fourneau, se\u00f1al\u00f3 que fue necesario utilizar el equipo hidr\u00e1ulico de separaci\u00f3n y corte, conocido como Quijada de la Vida, para poder liberar uno de los cuerpos de quienes lamentablemente fallecieron producto de la colisi\u00f3n.<\/p>\n\n\n\n<p>En cuanto a la identificaci\u00f3n, precis\u00f3 que perdieron la vida Jos\u00e9 Armando Leal Bencomo de 40 a\u00f1os de edad y Carlos Eduardo Naranjo Loreto de 35 a\u00f1os, mientras Jhoan Castillo de 44 a\u00f1os de edad result\u00f3 herido y fue trasladado a la emergencia del hospital Dr. Jos\u00e9 Francisco Torrealba.<\/p>\n\n\n\n<p>La investigaci\u00f3n del caso est\u00e1 en manos del Servicio de Tr\u00e1nsito de la Polic\u00eda Nacional Bolivariana de Altagracia de Orituco.<\/p>\n\n\n\n<p>@amandasaldivia<\/p>\n","protected":false},"excerpt":{"rendered":"<p>Amanda Saldivia.- En la madrugada de este viernes 10 de noviembre se registr\u00f3 una colisi\u00f3n entre un veh\u00edculo marca Chevrolet, modelo corsa y un cami\u00f3n tipo convoy de la Guardia Rural, lo que trajo como consecuencia dos personas fallecidas y una herida, hecho ocurrido en la carretera nacional v\u00eda oriente,<\/p>\n","protected":false},"author":2,"featured_media":7978,"comment_status":"open","ping_status":"open","sticky":false,"template":"","format":"standard","meta":{"advanced_seo_description":"","jetpack_seo_html_title":"","jetpack_seo_noindex":false,"_jetpack_memberships_contains_paid_content":false,"footnotes":"","jetpack_publicize_message":"","jetpack_publicize_feature_enabled":true,"jetpack_social_post_already_shared":true,"jetpack_social_options":{"image_generator_settings":{"template":"highway","enabled":false},"version":2}},"categories":[234,251],"tags":[8,7,32],"class_list":["post-7977","post","type-post","status-publish","format-standard","has-post-thumbnail","hentry","category-sucesos","category-webdealta","tag-altagraciadeorituco","tag-guarico","tag-webdealta",""],"jetpack_publicize_connections":[],"jetpack_featured_media_url":"https:\/\/webdealta.info\/wp-content\/uploads\/2023\/11\/accidente-webdealta-noviembre.png","jetpack_sharing_enabled":true,"jetpack_likes_enabled":true,"jetpack-related-posts":[],"jetpack_shortlink":"https:\/\/wp.me\/pcseDn-24F","_links":{"self":[{"href":"https:\/\/webdealta.info\/index.php?rest_route=\/wp\/v2\/posts\/7977","targetHints":{"allow":["GET"]}}],"collection":[{"href":"https:\/\/webdealta.info\/index.php?rest_route=\/wp\/v2\/posts"}],"about":[{"href":"https:\/\/webdealta.info\/index.php?rest_route=\/wp\/v2\/types\/post"}],"author":[{"embeddable":true,"href":"https:\/\/webdealta.info\/index.php?rest_route=\/wp\/v2\/users\/2"}],"replies":[{"embeddable":true,"href":"https:\/\/webdealta.info\/index.php?rest_route=%2Fwp%2Fv2%2Fcomments&post=7977"}],"version-history":[{"count":1,"href":"https:\/\/webdealta.info\/index.php?rest_route=\/wp\/v2\/posts\/7977\/revisions"}],"predecessor-version":[{"id":7979,"href":"https:\/\/webdealta.info\/index.php?rest_route=\/wp\/v2\/posts\/7977\/revisions\/7979"}],"wp:featuredmedia":[{"embeddable":true,"href":"https:\/\/webdealta.info\/index.php?rest_route=\/wp\/v2\/media\/7978"}],"wp:attachment":[{"href":"https:\/\/webdealta.info\/index.php?rest_route=%2Fwp%2Fv2%2Fmedia&parent=7977"}],"wp:term":[{"taxonomy":"category","embeddable":true,"href":"https:\/\/webdealta.info\/index.php?rest_route=%2Fwp%2Fv2%2Fcategories&post=7977"},{"taxonomy":"post_tag","embeddable":true,"href":"https:\/\/webdealta.info\/index.php?rest_route=%2Fwp%2Fv2%2Ftags&post=7977"}],"curies":[{"name":"wp","href":"https:\/\/api.w.org\/{rel}","templated":true}]}}