{"id":7969,"date":"2023-11-08T21:36:20","date_gmt":"2023-11-09T01:36:20","guid":{"rendered":"https:\/\/webdealta.info\/?p=7969"},"modified":"2023-11-08T21:36:22","modified_gmt":"2023-11-09T01:36:22","slug":"habilitaron-sala-covid-19-en-el-hospital-dr-jose-francisco-torrealba","status":"publish","type":"post","link":"https:\/\/webdealta.info\/?p=7969","title":{"rendered":"Habilitaron sala covid 19 en el hospital Dr. Jos\u00e9 Francisco Torrealba"},"content":{"rendered":"\n<h4 class=\"wp-block-heading\">* Equipo de salud inici\u00f3 campa\u00f1a ante casos de pacientes con el virus de covid y dengue simult\u00e1neamente.<\/h4>\n\n\n\n<p>Amanda Saldivia.-<\/p>\n\n\n\n<p>Ante el n\u00famero de casos confirmados de covid-19, con el agravante de que algunos pacientes est\u00e1n al mismo tiempo contagiados con dengue, las autoridades de salud del municipio Jos\u00e9 Tadeo Monagas habilitaron la sala de aislamiento en el hospital Dr. Jos\u00e9 Francisco Torrealba de Altagracia de Orituco.<\/p>\n\n\n\n<p>Asimismo, iniciaron una campa\u00f1a dirigida a retomar el uso del tapabocas, lavado de manos, distanciamiento social y acudir a los Consultorios Populares ante cualquier s\u00edntoma febril, tos y dolor de cabeza, a los fines de frenar los contagios, sobre todo enfocados en las personas vulnerables por tener enfermedades de base, tales como diab\u00e9ticos, hipertensos y otras patolog\u00edas que pudieran agravarse ante la presencia de este virus en el organismo.<\/p>\n\n\n\n<p>La informaci\u00f3n fue difundida en el programa Tiempo de Cambios de este mi\u00e9rcoles 8 de noviembre, espacio transmitido por la emisora Activa 104.9 FM, en el cual particip\u00f3 la Dra. Rosa Pedroso, director de la ASIC del municipio Jos\u00e9 Tadeo Monagas, acompa\u00f1ada por el equipo de epidemiolog\u00eda integrado por la Dra. Maigualida Ram\u00edrez y la licenciada Mar\u00eda Torres.<\/p>\n\n\n\n<p>Al preguntarles sobre fallecidos a causa de covid, rumor creciente en la colectividad gracitana, dejaron claro que solo el gobernador Jos\u00e9 V\u00e1squez est\u00e1 autorizado para confirmar ese tipo de informaci\u00f3n, motivo por el cual estas profesionales de la salud ratificaron que la intenci\u00f3n es alertar a la poblaci\u00f3n a que retome las normas de bioseguridad, porque es alarmante el n\u00famero de casos diarios confirmados en lo que va de la semana.<\/p>\n\n\n\n<p>Sobre la sala covid, la Dra. Rosa Pedroso, dijo que est\u00e1n cuatro pacientes ingresados y dos en proceso, pero el resto de los casos positivos permanecen en sus casas bajo las recomendaciones del equipo de salud y con la articulaci\u00f3n de l\u00edderes comunitarios que est\u00e1n monitoreando a cada paciente.<\/p>\n\n\n\n<p>Tambi\u00e9n, durante el desarrollo del programa radial, se inform\u00f3 que en virtud del hallazgo de casos de covid con dengue, ahora har\u00e1n ambas pruebas como parte del protocolo de registro del paciente.<\/p>\n\n\n\n<p>Al final del programa, reiteraron que ambos virus con end\u00e9micos en esta regi\u00f3n, motivo por el cual llamaron a la prevenci\u00f3n. En el caso del covid el uso del tapabocas y lavado de manos; mientras que el dengue eliminar los criaderos del zancudo patas blancas, el cual es el vector que lo transmite.<\/p>\n\n\n\n<p>@amandasaldivia  <\/p>\n\n\n\n<p><\/p>\n","protected":false},"excerpt":{"rendered":"<p>* Equipo de salud inici\u00f3 campa\u00f1a ante casos de pacientes con el virus de covid y dengue simult\u00e1neamente. Amanda Saldivia.- Ante el n\u00famero de casos confirmados de covid-19, con el agravante de que algunos pacientes est\u00e1n al mismo tiempo contagiados con dengue, las autoridades de salud del municipio Jos\u00e9 Tadeo<\/p>\n","protected":false},"author":2,"featured_media":7970,"comment_status":"open","ping_status":"open","sticky":false,"template":"","format":"standard","meta":{"advanced_seo_description":"","jetpack_seo_html_title":"","jetpack_seo_noindex":false,"_jetpack_memberships_contains_paid_content":false,"footnotes":"","jetpack_publicize_message":"","jetpack_publicize_feature_enabled":true,"jetpack_social_post_already_shared":true,"jetpack_social_options":{"image_generator_settings":{"template":"highway","enabled":false},"version":2}},"categories":[12,251],"tags":[8,7,32],"class_list":["post-7969","post","type-post","status-publish","format-standard","has-post-thumbnail","hentry","category-salud","category-webdealta","tag-altagraciadeorituco","tag-guarico","tag-webdealta",""],"jetpack_publicize_connections":[],"jetpack_featured_media_url":"https:\/\/webdealta.info\/wp-content\/uploads\/2023\/11\/dengue-covid-webdealta.png","jetpack_sharing_enabled":true,"jetpack_likes_enabled":true,"jetpack-related-posts":[],"jetpack_shortlink":"https:\/\/wp.me\/pcseDn-24x","_links":{"self":[{"href":"https:\/\/webdealta.info\/index.php?rest_route=\/wp\/v2\/posts\/7969","targetHints":{"allow":["GET"]}}],"collection":[{"href":"https:\/\/webdealta.info\/index.php?rest_route=\/wp\/v2\/posts"}],"about":[{"href":"https:\/\/webdealta.info\/index.php?rest_route=\/wp\/v2\/types\/post"}],"author":[{"embeddable":true,"href":"https:\/\/webdealta.info\/index.php?rest_route=\/wp\/v2\/users\/2"}],"replies":[{"embeddable":true,"href":"https:\/\/webdealta.info\/index.php?rest_route=%2Fwp%2Fv2%2Fcomments&post=7969"}],"version-history":[{"count":1,"href":"https:\/\/webdealta.info\/index.php?rest_route=\/wp\/v2\/posts\/7969\/revisions"}],"predecessor-version":[{"id":7971,"href":"https:\/\/webdealta.info\/index.php?rest_route=\/wp\/v2\/posts\/7969\/revisions\/7971"}],"wp:featuredmedia":[{"embeddable":true,"href":"https:\/\/webdealta.info\/index.php?rest_route=\/wp\/v2\/media\/7970"}],"wp:attachment":[{"href":"https:\/\/webdealta.info\/index.php?rest_route=%2Fwp%2Fv2%2Fmedia&parent=7969"}],"wp:term":[{"taxonomy":"category","embeddable":true,"href":"https:\/\/webdealta.info\/index.php?rest_route=%2Fwp%2Fv2%2Fcategories&post=7969"},{"taxonomy":"post_tag","embeddable":true,"href":"https:\/\/webdealta.info\/index.php?rest_route=%2Fwp%2Fv2%2Ftags&post=7969"}],"curies":[{"name":"wp","href":"https:\/\/api.w.org\/{rel}","templated":true}]}}