{"id":7956,"date":"2023-11-06T21:07:32","date_gmt":"2023-11-07T01:07:32","guid":{"rendered":"https:\/\/webdealta.info\/?p=7956"},"modified":"2023-11-06T21:07:33","modified_gmt":"2023-11-07T01:07:33","slug":"alcalde-solorzano-vamos-a-recuperar-un-territorio-que-historicamente-ha-sido-nuestro","status":"publish","type":"post","link":"https:\/\/webdealta.info\/?p=7956","title":{"rendered":"Alcalde Sol\u00f3rzano: vamos a recuperar un \u201cterritorio que hist\u00f3ricamente ha sido nuestro\u201d"},"content":{"rendered":"\n<p>Amanda Saldivia.-<\/p>\n\n\n\n<p>El alcalde Pedro Sol\u00f3rzano encabez\u00f3 la marcha Venezuela Toda en Altagracia de Orituco, nombre que identifica a la campa\u00f1a del refer\u00e9ndum consultivo sobre el esequibo, pautado para el pr\u00f3ximo 3 de diciembre, donde el gobierno insta a responder con un s\u00ed las cinco preguntas formuladas.<\/p>\n\n\n\n<p>\u201cHemos realizado el d\u00eda de hoy una extraordinaria movilizaci\u00f3n de hombres y mujeres comprometidos con la patria venezolana\u201d, declar\u00f3 el alcalde Sol\u00f3rzano a este medio de comunicaci\u00f3n digital, una vez culminado el recorrido que parti\u00f3 desde el parque Sucre y culmin\u00f3 en la llamada Esquina Caliente de esta localidad, donde adem\u00e1s estim\u00f3 que hubo la asistencia de m\u00e1s de mil personas.<\/p>\n\n\n\n<p>Para el primer mandatario local, el tema de esequibo no es color pol\u00edtico, ni de tendencia ideol\u00f3gica, sino de \u201cnacionalismo, es un tema de que todo aquel, toda aquella persona que sea patriota, que sea venezolano debe salir masivamente para apoyar, para la recuperaci\u00f3n, de este territorio que hist\u00f3ricamente ha sido nuestro\u201d.<\/p>\n\n\n\n<p>Insisti\u00f3 en que el refer\u00e9ndum consultivo es para ratificar el compromiso que tienen como Estado de recuperar un territorio que hist\u00f3ricamente ha sido de Venezuela.<\/p>\n\n\n\n<p>@amandasaldivia  <\/p>\n\n\n\n<p><\/p>\n","protected":false},"excerpt":{"rendered":"<p>Amanda Saldivia.- El alcalde Pedro Sol\u00f3rzano encabez\u00f3 la marcha Venezuela Toda en Altagracia de Orituco, nombre que identifica a la campa\u00f1a del refer\u00e9ndum consultivo sobre el esequibo, pautado para el pr\u00f3ximo 3 de diciembre, donde el gobierno insta a responder con un s\u00ed las cinco preguntas formuladas. \u201cHemos realizado el<\/p>\n","protected":false},"author":2,"featured_media":7957,"comment_status":"open","ping_status":"open","sticky":false,"template":"","format":"standard","meta":{"advanced_seo_description":"","jetpack_seo_html_title":"","jetpack_seo_noindex":false,"_jetpack_memberships_contains_paid_content":false,"footnotes":"","jetpack_publicize_message":"","jetpack_publicize_feature_enabled":true,"jetpack_social_post_already_shared":true,"jetpack_social_options":{"image_generator_settings":{"template":"highway","enabled":false},"version":2}},"categories":[335,251],"tags":[8,7,32],"class_list":["post-7956","post","type-post","status-publish","format-standard","has-post-thumbnail","hentry","category-locales","category-webdealta","tag-altagraciadeorituco","tag-guarico","tag-webdealta",""],"jetpack_publicize_connections":[],"jetpack_featured_media_url":"https:\/\/webdealta.info\/wp-content\/uploads\/2023\/11\/Dakota-Cabrera-66.png","jetpack_sharing_enabled":true,"jetpack_likes_enabled":true,"jetpack-related-posts":[],"jetpack_shortlink":"https:\/\/wp.me\/pcseDn-24k","_links":{"self":[{"href":"https:\/\/webdealta.info\/index.php?rest_route=\/wp\/v2\/posts\/7956","targetHints":{"allow":["GET"]}}],"collection":[{"href":"https:\/\/webdealta.info\/index.php?rest_route=\/wp\/v2\/posts"}],"about":[{"href":"https:\/\/webdealta.info\/index.php?rest_route=\/wp\/v2\/types\/post"}],"author":[{"embeddable":true,"href":"https:\/\/webdealta.info\/index.php?rest_route=\/wp\/v2\/users\/2"}],"replies":[{"embeddable":true,"href":"https:\/\/webdealta.info\/index.php?rest_route=%2Fwp%2Fv2%2Fcomments&post=7956"}],"version-history":[{"count":1,"href":"https:\/\/webdealta.info\/index.php?rest_route=\/wp\/v2\/posts\/7956\/revisions"}],"predecessor-version":[{"id":7958,"href":"https:\/\/webdealta.info\/index.php?rest_route=\/wp\/v2\/posts\/7956\/revisions\/7958"}],"wp:featuredmedia":[{"embeddable":true,"href":"https:\/\/webdealta.info\/index.php?rest_route=\/wp\/v2\/media\/7957"}],"wp:attachment":[{"href":"https:\/\/webdealta.info\/index.php?rest_route=%2Fwp%2Fv2%2Fmedia&parent=7956"}],"wp:term":[{"taxonomy":"category","embeddable":true,"href":"https:\/\/webdealta.info\/index.php?rest_route=%2Fwp%2Fv2%2Fcategories&post=7956"},{"taxonomy":"post_tag","embeddable":true,"href":"https:\/\/webdealta.info\/index.php?rest_route=%2Fwp%2Fv2%2Ftags&post=7956"}],"curies":[{"name":"wp","href":"https:\/\/api.w.org\/{rel}","templated":true}]}}