{"id":7945,"date":"2023-11-05T20:25:55","date_gmt":"2023-11-06T00:25:55","guid":{"rendered":"https:\/\/webdealta.info\/?p=7945"},"modified":"2023-11-05T20:26:45","modified_gmt":"2023-11-06T00:26:45","slug":"navidades-2023-iniciaron-con-encendido-de-luces","status":"publish","type":"post","link":"https:\/\/webdealta.info\/?p=7945","title":{"rendered":"Navidades 2023 iniciaron con encendido de luces"},"content":{"rendered":"\n<p>\u201cEl encendido de estas luces es la alegr\u00eda de nuestro pueblo guarique\u00f1o, el cual abre sus brazos y coraz\u00f3n para recibir a propios y visitantes\u201d, fue el mensaje del gobernador del estado Gu\u00e1rico Jos\u00e9 V\u00e1squez, acompa\u00f1ado de fuegos artificiales, baile, m\u00fasica y el fervor del pueblo guarique\u00f1o con motivo del tradicional Encendido de Luces que marc\u00f3 el inicio de la Navidad 2023 en esta entidad llanera.<\/p>\n\n\n\n<p>El acto festivo tuvo lugar en la ciudad de San Juan de los Morros, municipio Juan Germ\u00e1n Roscio Nieves, abarcando los espacios del Palacio de Gobierno y plaza Bol\u00edvar. El mandatario regional en compa\u00f1\u00eda de la primera combatiente, Dra. Fabiola De C\u00f3rdova, se\u00f1al\u00f3 que los preparativos para iniciar las fiestas navide\u00f1as se desplegar\u00e1n en los 15 municipios del estado, tomando en cuenta factores relevantes que abarcan el ornato y embellecimiento de los espacios junto a actividades culturales y recreativas, as\u00ed como el despliegue de seguridad para el resguardo de la poblaci\u00f3n para su tranquilidad en la temporada festiva.<\/p>\n\n\n\n<p>\u201cTiempos complejos y dif\u00edciles, pero siempre abrazados en la unidad para seguir avanzando en el crecimiento y desarrollo de nuestro estado, pidiendo a Dios la bendici\u00f3n para avanzar hacia el a\u00f1o 2024 de forma exitosa\u201d, manifest\u00f3 Jos\u00e9 V\u00e1squez.<\/p>\n\n\n\n<p>\u201cEn esta noche bendita desde el coraz\u00f3n de Venezuela, pido al Ni\u00f1o Jes\u00fas Bendito que venga con las manos repletas de bendiciones para todos. Dios les bendiga hoy y para siempre\u201d, fueron las palabras del monse\u00f1or Ra\u00fal Ascanio, p\u00e1rroco de la Arquidi\u00f3cesis de Calabozo.<\/p>\n\n\n\n<p>Es necesario destacar que a este inicio festivo, asisti\u00f3 el ministro del Poder Popular para el Turismo, Al\u00ed Padr\u00f3n, quien\u00a0 destac\u00f3 que desde el centro llanero del pa\u00eds se evidencia la m\u00e1xima expresi\u00f3n festiva de una tierra de gracia que se apuntala hacia el desarrollo estrat\u00e9gico del turismo con el aprovechamiento de sus bondades.<\/p>\n\n\n\n<p>Adem\u00e1s estuvieron presentes los comandantes de los diversos cuerpos de seguridad como el comandante de la Regi\u00f3n de Defensa Integral Los Llanos (REDIL), M\/G Lenin Ram\u00edrez;&nbsp; Zona Operativa de Defensa Integral 35 (ZODI Gu\u00e1rico), G\/D Luis Rosales; G\/D Ugas Medina, secretario de Seguridad Ciudadana y Paz de la Gobernaci\u00f3n; as\u00ed como el comandante de la Zona 34 de la Guardia Nacional Bolivariana (CZGNB 34), G\/B Eduardo Gonz\u00e1lez.<\/p>\n\n\n\n<p><strong>\u00a1As\u00ed deslumbr\u00f3 la Navidad!<\/strong><\/p>\n\n\n\n<p>En esta oportunidad, la decoraci\u00f3n de los espacios en la capital guarique\u00f1a parti\u00f3 desde la fachada del Palacio de Gobierno con la incorporaci\u00f3n de mangueras de luces LED y l\u00e1mparas coloridas junto a coronas navide\u00f1as en las ventanas; adem\u00e1s 4 estructuras en formas de velas navide\u00f1as custodian la entrada, otra con forma de coraz\u00f3n propicia para stand de fotos y &nbsp;n\u00fameros correspondientes al venidero a\u00f1o 2024, ubicados en el ala derecha.<\/p>\n\n\n\n<p>En la calle que cruza el frente del Palacio de Gobierno se alzan dos arcos de estrellas fugaces para dar paso a la plaza Bol\u00edvar, donde se alzan 4 arcos adicionales en los accesos principales de la misma, acompa\u00f1ado de decoraciones de \u00e1rboles, figuras navide\u00f1as, adem\u00e1s de un corredor de bombillas en el frente de la Iglesia San Juan Bautista.  <\/p>\n\n\n\n<p>Sibci Gu\u00e1rico<\/p>\n\n\n\n<p><\/p>\n","protected":false},"excerpt":{"rendered":"<p>\u201cEl encendido de estas luces es la alegr\u00eda de nuestro pueblo guarique\u00f1o, el cual abre sus brazos y coraz\u00f3n para recibir a propios y visitantes\u201d, fue el mensaje del gobernador del estado Gu\u00e1rico Jos\u00e9 V\u00e1squez, acompa\u00f1ado de fuegos artificiales, baile, m\u00fasica y el fervor del pueblo guarique\u00f1o con motivo del<\/p>\n","protected":false},"author":2,"featured_media":7946,"comment_status":"open","ping_status":"open","sticky":false,"template":"","format":"standard","meta":{"advanced_seo_description":"","jetpack_seo_html_title":"","jetpack_seo_noindex":false,"_jetpack_memberships_contains_paid_content":false,"footnotes":"","jetpack_publicize_message":"","jetpack_publicize_feature_enabled":true,"jetpack_social_post_already_shared":true,"jetpack_social_options":{"image_generator_settings":{"template":"highway","enabled":false},"version":2}},"categories":[284,66,251],"tags":[8,7,32],"class_list":["post-7945","post","type-post","status-publish","format-standard","has-post-thumbnail","hentry","category-gobierno-de-guarico","category-regionales","category-webdealta","tag-altagraciadeorituco","tag-guarico","tag-webdealta",""],"jetpack_publicize_connections":[],"jetpack_featured_media_url":"https:\/\/webdealta.info\/wp-content\/uploads\/2023\/11\/luces-2023-webdealt.png","jetpack_sharing_enabled":true,"jetpack_likes_enabled":true,"jetpack-related-posts":[],"jetpack_shortlink":"https:\/\/wp.me\/pcseDn-249","_links":{"self":[{"href":"https:\/\/webdealta.info\/index.php?rest_route=\/wp\/v2\/posts\/7945","targetHints":{"allow":["GET"]}}],"collection":[{"href":"https:\/\/webdealta.info\/index.php?rest_route=\/wp\/v2\/posts"}],"about":[{"href":"https:\/\/webdealta.info\/index.php?rest_route=\/wp\/v2\/types\/post"}],"author":[{"embeddable":true,"href":"https:\/\/webdealta.info\/index.php?rest_route=\/wp\/v2\/users\/2"}],"replies":[{"embeddable":true,"href":"https:\/\/webdealta.info\/index.php?rest_route=%2Fwp%2Fv2%2Fcomments&post=7945"}],"version-history":[{"count":1,"href":"https:\/\/webdealta.info\/index.php?rest_route=\/wp\/v2\/posts\/7945\/revisions"}],"predecessor-version":[{"id":7947,"href":"https:\/\/webdealta.info\/index.php?rest_route=\/wp\/v2\/posts\/7945\/revisions\/7947"}],"wp:featuredmedia":[{"embeddable":true,"href":"https:\/\/webdealta.info\/index.php?rest_route=\/wp\/v2\/media\/7946"}],"wp:attachment":[{"href":"https:\/\/webdealta.info\/index.php?rest_route=%2Fwp%2Fv2%2Fmedia&parent=7945"}],"wp:term":[{"taxonomy":"category","embeddable":true,"href":"https:\/\/webdealta.info\/index.php?rest_route=%2Fwp%2Fv2%2Fcategories&post=7945"},{"taxonomy":"post_tag","embeddable":true,"href":"https:\/\/webdealta.info\/index.php?rest_route=%2Fwp%2Fv2%2Ftags&post=7945"}],"curies":[{"name":"wp","href":"https:\/\/api.w.org\/{rel}","templated":true}]}}