{"id":7941,"date":"2023-11-01T11:20:48","date_gmt":"2023-11-01T15:20:48","guid":{"rendered":"https:\/\/webdealta.info\/?p=7941"},"modified":"2023-11-01T11:20:50","modified_gmt":"2023-11-01T15:20:50","slug":"en-altagracia-ajustan-pasaje-a-10-bolivares","status":"publish","type":"post","link":"https:\/\/webdealta.info\/?p=7941","title":{"rendered":"En Altagracia ajustan pasaje a 10 bol\u00edvares"},"content":{"rendered":"\n<p>Amanda Saldivia.-<\/p>\n\n\n\n<p>A partir de este mi\u00e9rcoles primero de noviembre, el pasaje urbano en Altagracia de Orituco se ajust\u00f3 a 10 bol\u00edvares, monto establecido en septiembre de este a\u00f1o en todo el territorio nacional, tras acuerdos entre directivos de ese gremio y representantes del \u00d3rgano Superior de Transporte.<\/p>\n\n\n\n<p>En el caso de Altagracia de Orituco se acord\u00f3 hacer el ajuste paulatino, de all\u00ed que durante m\u00e1s de un mes fue cobrado a raz\u00f3n de 8 bol\u00edvares y hoy se ajusta a 10, seg\u00fan lo anunci\u00f3 Rosa Hern\u00e1ndez, directora de Transporte de la alcald\u00eda del municipio Monagas.<\/p>\n\n\n\n<p>La funcionaria record\u00f3 que sigue en vigencia el medio pasaje para los estudiantes y la exoneraci\u00f3n para la tercera edad y discapacitados.<\/p>\n\n\n\n<p>@amandasaldivia  <\/p>\n\n\n\n<p><\/p>\n","protected":false},"excerpt":{"rendered":"<p>Amanda Saldivia.- A partir de este mi\u00e9rcoles primero de noviembre, el pasaje urbano en Altagracia de Orituco se ajust\u00f3 a 10 bol\u00edvares, monto establecido en septiembre de este a\u00f1o en todo el territorio nacional, tras acuerdos entre directivos de ese gremio y representantes del \u00d3rgano Superior de Transporte. En el<\/p>\n","protected":false},"author":2,"featured_media":7942,"comment_status":"open","ping_status":"open","sticky":false,"template":"","format":"standard","meta":{"advanced_seo_description":"","jetpack_seo_html_title":"","jetpack_seo_noindex":false,"_jetpack_memberships_contains_paid_content":false,"footnotes":"","jetpack_publicize_message":"","jetpack_publicize_feature_enabled":true,"jetpack_social_post_already_shared":true,"jetpack_social_options":{"image_generator_settings":{"template":"highway","enabled":false},"version":2}},"categories":[73,251],"tags":[8,7,32],"class_list":["post-7941","post","type-post","status-publish","format-standard","has-post-thumbnail","hentry","category-transporte-colectivo","category-webdealta","tag-altagraciadeorituco","tag-guarico","tag-webdealta",""],"jetpack_publicize_connections":[],"jetpack_featured_media_url":"https:\/\/webdealta.info\/wp-content\/uploads\/2023\/11\/el-chala-webdealta-1.png","jetpack_sharing_enabled":true,"jetpack_likes_enabled":true,"jetpack-related-posts":[],"jetpack_shortlink":"https:\/\/wp.me\/pcseDn-245","_links":{"self":[{"href":"https:\/\/webdealta.info\/index.php?rest_route=\/wp\/v2\/posts\/7941","targetHints":{"allow":["GET"]}}],"collection":[{"href":"https:\/\/webdealta.info\/index.php?rest_route=\/wp\/v2\/posts"}],"about":[{"href":"https:\/\/webdealta.info\/index.php?rest_route=\/wp\/v2\/types\/post"}],"author":[{"embeddable":true,"href":"https:\/\/webdealta.info\/index.php?rest_route=\/wp\/v2\/users\/2"}],"replies":[{"embeddable":true,"href":"https:\/\/webdealta.info\/index.php?rest_route=%2Fwp%2Fv2%2Fcomments&post=7941"}],"version-history":[{"count":1,"href":"https:\/\/webdealta.info\/index.php?rest_route=\/wp\/v2\/posts\/7941\/revisions"}],"predecessor-version":[{"id":7943,"href":"https:\/\/webdealta.info\/index.php?rest_route=\/wp\/v2\/posts\/7941\/revisions\/7943"}],"wp:featuredmedia":[{"embeddable":true,"href":"https:\/\/webdealta.info\/index.php?rest_route=\/wp\/v2\/media\/7942"}],"wp:attachment":[{"href":"https:\/\/webdealta.info\/index.php?rest_route=%2Fwp%2Fv2%2Fmedia&parent=7941"}],"wp:term":[{"taxonomy":"category","embeddable":true,"href":"https:\/\/webdealta.info\/index.php?rest_route=%2Fwp%2Fv2%2Fcategories&post=7941"},{"taxonomy":"post_tag","embeddable":true,"href":"https:\/\/webdealta.info\/index.php?rest_route=%2Fwp%2Fv2%2Ftags&post=7941"}],"curies":[{"name":"wp","href":"https:\/\/api.w.org\/{rel}","templated":true}]}}