{"id":7936,"date":"2023-10-31T20:48:12","date_gmt":"2023-11-01T00:48:12","guid":{"rendered":"https:\/\/webdealta.info\/?p=7936"},"modified":"2023-10-31T21:03:46","modified_gmt":"2023-11-01T01:03:46","slug":"guarico-se-prepara-para-iniciar-las-navidades-felices-2023","status":"publish","type":"post","link":"https:\/\/webdealta.info\/?p=7936","title":{"rendered":"Gu\u00e1rico se prepara para iniciar las Navidades Felices 2023"},"content":{"rendered":"\n<p>Sibci Gu\u00e1rico.-<\/p>\n\n\n\n<p>En el estado Gu\u00e1rico, el Gobierno Bolivariano acelera los trabajos de adecuaci\u00f3n de espacios p\u00fablicos para pr\u00f3ximamente dar inicio a la temporada navide\u00f1a 2023, con el respectivo Encendido de Luces, cumpliendo con el anuncio realizado por el presidente de la Rep\u00fablica Nicol\u00e1s Maduro en el que promueve garantizar la alegr\u00eda, felicidad y el compartir de las familias durante esta \u00e9poca.<\/p>\n\n\n\n<p>En este contexto, el gobernador de la entidad llanera Jos\u00e9 V\u00e1squez junto a la primera combatiente del estado y tambi\u00e9n presidenta de la Fundaci\u00f3n Regional El Ni\u00f1o Sim\u00f3n Gu\u00e1rico, Fabiola De C\u00f3rdova, realiz\u00f3 la inspecci\u00f3n de los trabajos de acondicionamiento de la plaza Bol\u00edvar en la ciudad de San Juan de Los Morros, municipio Juan Germ\u00e1n Roscio Nieves, donde el equipo de la Gobernaci\u00f3n a trav\u00e9s de las instituciones p\u00fablicas del \u00e1rea de infraestructura, han realizado la adecuaci\u00f3n de la misma mediante la pintura, ornato e instalaci\u00f3n de infraestructuras met\u00e1licas con dise\u00f1os referentes a la Navidad y las tradicionales luces.<\/p>\n\n\n\n<p>\u00abEn pocos d\u00edas ser\u00e1 el inicio de nuestras Navidades Felices 2023. Hemos estado realizando un trabajo intenso en el territorio, vamos a iniciar desde San Juan de los Morros &nbsp;el Encendido de Luces y luego &nbsp;por todo el estado\u00bb, expres\u00f3 V\u00e1squez en relaci\u00f3n a la inspecci\u00f3n de los trabajos que abarcan la decoraci\u00f3n de la plaza Bol\u00edvar, jardineras, Iglesia San Juan Bautista, as\u00ed como la fachada del Palacio de Gobierno regional.<\/p>\n\n\n\n<p>A su vez, V\u00e1squez puntualiz\u00f3 que estas acciones se estar\u00e1n replicando en los 15 municipios de la entidad llanera para el disfrute de todas las familias mediante la adecuaci\u00f3n de diferentes espacios&nbsp; y la realizaci\u00f3n de una planificaci\u00f3n recreativa y cultural con la presentaci\u00f3n de diversas agrupaciones musicales, bailes, gaitas y otros elementos que permitan la diversi\u00f3n &nbsp;de las familias.<\/p>\n\n\n\n<p>Por su parte, la primera combatiente Fabiola De C\u00f3rdova invit\u00f3 a las familias guarique\u00f1as a sumarse a las planificaciones que prepara el Gobierno Bolivariano, motivando la uni\u00f3n familiar y el sano compartir.  <\/p>\n\n\n\n<p><\/p>\n","protected":false},"excerpt":{"rendered":"<p>Sibci Gu\u00e1rico.- En el estado Gu\u00e1rico, el Gobierno Bolivariano acelera los trabajos de adecuaci\u00f3n de espacios p\u00fablicos para pr\u00f3ximamente dar inicio a la temporada navide\u00f1a 2023, con el respectivo Encendido de Luces, cumpliendo con el anuncio realizado por el presidente de la Rep\u00fablica Nicol\u00e1s Maduro en el que promueve garantizar<\/p>\n","protected":false},"author":2,"featured_media":7937,"comment_status":"open","ping_status":"open","sticky":false,"template":"","format":"standard","meta":{"advanced_seo_description":"","jetpack_seo_html_title":"","jetpack_seo_noindex":false,"_jetpack_memberships_contains_paid_content":false,"footnotes":"","jetpack_publicize_message":"","jetpack_publicize_feature_enabled":true,"jetpack_social_post_already_shared":true,"jetpack_social_options":{"image_generator_settings":{"template":"highway","enabled":false},"version":2}},"categories":[284,251],"tags":[8,7,32],"class_list":["post-7936","post","type-post","status-publish","format-standard","has-post-thumbnail","hentry","category-gobierno-de-guarico","category-webdealta","tag-altagraciadeorituco","tag-guarico","tag-webdealta",""],"jetpack_publicize_connections":[],"jetpack_featured_media_url":"https:\/\/webdealta.info\/wp-content\/uploads\/2023\/10\/luces-navidad-2023.png","jetpack_sharing_enabled":true,"jetpack_likes_enabled":true,"jetpack-related-posts":[],"jetpack_shortlink":"https:\/\/wp.me\/pcseDn-240","_links":{"self":[{"href":"https:\/\/webdealta.info\/index.php?rest_route=\/wp\/v2\/posts\/7936","targetHints":{"allow":["GET"]}}],"collection":[{"href":"https:\/\/webdealta.info\/index.php?rest_route=\/wp\/v2\/posts"}],"about":[{"href":"https:\/\/webdealta.info\/index.php?rest_route=\/wp\/v2\/types\/post"}],"author":[{"embeddable":true,"href":"https:\/\/webdealta.info\/index.php?rest_route=\/wp\/v2\/users\/2"}],"replies":[{"embeddable":true,"href":"https:\/\/webdealta.info\/index.php?rest_route=%2Fwp%2Fv2%2Fcomments&post=7936"}],"version-history":[{"count":1,"href":"https:\/\/webdealta.info\/index.php?rest_route=\/wp\/v2\/posts\/7936\/revisions"}],"predecessor-version":[{"id":7938,"href":"https:\/\/webdealta.info\/index.php?rest_route=\/wp\/v2\/posts\/7936\/revisions\/7938"}],"wp:featuredmedia":[{"embeddable":true,"href":"https:\/\/webdealta.info\/index.php?rest_route=\/wp\/v2\/media\/7937"}],"wp:attachment":[{"href":"https:\/\/webdealta.info\/index.php?rest_route=%2Fwp%2Fv2%2Fmedia&parent=7936"}],"wp:term":[{"taxonomy":"category","embeddable":true,"href":"https:\/\/webdealta.info\/index.php?rest_route=%2Fwp%2Fv2%2Fcategories&post=7936"},{"taxonomy":"post_tag","embeddable":true,"href":"https:\/\/webdealta.info\/index.php?rest_route=%2Fwp%2Fv2%2Ftags&post=7936"}],"curies":[{"name":"wp","href":"https:\/\/api.w.org\/{rel}","templated":true}]}}