{"id":7932,"date":"2023-10-31T20:41:30","date_gmt":"2023-11-01T00:41:30","guid":{"rendered":"https:\/\/webdealta.info\/?p=7932"},"modified":"2023-11-01T11:10:18","modified_gmt":"2023-11-01T15:10:18","slug":"alerta-epidemiologica-70-casos-positivos-de-dengue-en-octubre","status":"publish","type":"post","link":"https:\/\/webdealta.info\/?p=7932","title":{"rendered":"Alerta epidemiol\u00f3gica: 70 casos positivos de dengue en octubre"},"content":{"rendered":"\n<p>Amanda Saldivia.-<\/p>\n\n\n\n<p>Un total de 70 casos positivos de dengue en el mes de octubre, para un acumulado de 291 en lo que va del a\u00f1o 2023, mantiene en alerta a las autoridades de salud del municipio Jos\u00e9 Tadeo Monagas, quienes mantienen la campa\u00f1a \u201cAl mosquito ni agua\u201d como eslogan para motivar a las comunidades a que eliminen los criaderos del zancudo \u201cpatas blancas\u201d transmisor de este virus.<\/p>\n\n\n\n<p>La Dra. Rosa Pedroso, directora del \u00c1rea de Salud Integral Comunitaria ASIC, particip\u00f3 en el programa Tiempo de Cambios por la emisora Activa 104.9 FM, acompa\u00f1ada por el Dr. Franklin Avilez, coordinador de Salud Ambiental; la Licda. Mar\u00eda Torres, coordinadora de Vigilancia Epidemiol\u00f3gica y la Licda. Keila Infante, coordinadora de Promoci\u00f3n Social, con la finalidad de multiplicar el mensaje de prevenci\u00f3n.<\/p>\n\n\n\n<p>Durante el desarrollo de la entrevista, la Dra. Pedroso explic\u00f3 que si bien es cierto seguir\u00e1n con la fumigaci\u00f3n, con \u00e9nfasis en las zonas donde se han registrados casos, el zancudo nuevamente proliferar\u00e1 si los vecinos no eliminan los criaderos, de all\u00ed que insisti\u00f3 en que tapen los tanques donde almacenan agua y que acudan a los Consultorios Populares a buscar el abate, as\u00ed como tambi\u00e9n ante cualquier s\u00edntoma de malestar, fiebre o decaimiento.<\/p>\n\n\n\n<p>Por su parte, la Licda. Mar\u00eda Torres como responsable de vigilancia epidemiol\u00f3gica, resalt\u00f3 que los datos estad\u00edsticos son preocupantes, porque a la fecha se duplic\u00f3 el n\u00famero de casos, es decir en el a\u00f1o 2022 fueron un total de 114 y en lo que va del 2023 ya se contabilizan 291, afortunadamente sin ning\u00fan fallecido, pero s\u00ed la mayor\u00eda de los pacientes han sido ni\u00f1os en edad escolar.<\/p>\n\n\n\n<p>Sobre los sitios donde se han reportado mayor n\u00famero de casos, mencion\u00f3 a la poblaci\u00f3n de Lezama, mientras que en la parroquia Altagracia est\u00e1n en los sectores La Uni\u00f3n, Brisas del Pe\u00f1\u00f3n, Guaiquer\u00edes, Camoruco, Pe\u00f1a de Mota y casco central.<\/p>\n\n\n\n<p>Adem\u00e1s de multiplicar el mensaje de prevenci\u00f3n a trav\u00e9s del programa Tiempo de Cambios, el equipo de Promoci\u00f3n Social comenzar\u00e1 una campa\u00f1a en las instituciones educativas, a la cual llamaron Tarea Escolar.<\/p>\n\n\n\n<p>Eso fue parte de lo que expres\u00f3 la Licda. Keila Infante, quien se\u00f1al\u00f3 que los ni\u00f1os son fundamentales en la labor de identificar d\u00f3nde est\u00e1n los criaderos del zancudo, los cuales prefieren agua limpia almacenada en cualquier tipo de envase, hasta en una simple chapa de refresco que est\u00e9 en el patio.<\/p>\n\n\n\n<p>El equipo de salud resalt\u00f3 que est\u00e1n en alerta epidemiol\u00f3gica, desde el pasado mes de agosto, ante el repunte de casos positivos analizados en el laboratorio que dispone el hospital Dr. Jos\u00e9 Francisco Torrealba.<\/p>\n\n\n\n<p>@amandasaldivia  <\/p>\n\n\n\n<p><\/p>\n","protected":false},"excerpt":{"rendered":"<p>Amanda Saldivia.- Un total de 70 casos positivos de dengue en el mes de octubre, para un acumulado de 291 en lo que va del a\u00f1o 2023, mantiene en alerta a las autoridades de salud del municipio Jos\u00e9 Tadeo Monagas, quienes mantienen la campa\u00f1a \u201cAl mosquito ni agua\u201d como eslogan<\/p>\n","protected":false},"author":2,"featured_media":7933,"comment_status":"open","ping_status":"open","sticky":false,"template":"","format":"standard","meta":{"advanced_seo_description":"","jetpack_seo_html_title":"","jetpack_seo_noindex":false,"_jetpack_memberships_contains_paid_content":false,"footnotes":"","jetpack_publicize_message":"","jetpack_publicize_feature_enabled":true,"jetpack_social_post_already_shared":true,"jetpack_social_options":{"image_generator_settings":{"template":"highway","enabled":false},"version":2}},"categories":[12,251],"tags":[8,7,32],"class_list":["post-7932","post","type-post","status-publish","format-standard","has-post-thumbnail","hentry","category-salud","category-webdealta","tag-altagraciadeorituco","tag-guarico","tag-webdealta",""],"jetpack_publicize_connections":[],"jetpack_featured_media_url":"https:\/\/webdealta.info\/wp-content\/uploads\/2023\/10\/dengue-altagracia-webdealta.png","jetpack_sharing_enabled":true,"jetpack_likes_enabled":true,"jetpack-related-posts":[],"jetpack_shortlink":"https:\/\/wp.me\/pcseDn-23W","_links":{"self":[{"href":"https:\/\/webdealta.info\/index.php?rest_route=\/wp\/v2\/posts\/7932","targetHints":{"allow":["GET"]}}],"collection":[{"href":"https:\/\/webdealta.info\/index.php?rest_route=\/wp\/v2\/posts"}],"about":[{"href":"https:\/\/webdealta.info\/index.php?rest_route=\/wp\/v2\/types\/post"}],"author":[{"embeddable":true,"href":"https:\/\/webdealta.info\/index.php?rest_route=\/wp\/v2\/users\/2"}],"replies":[{"embeddable":true,"href":"https:\/\/webdealta.info\/index.php?rest_route=%2Fwp%2Fv2%2Fcomments&post=7932"}],"version-history":[{"count":2,"href":"https:\/\/webdealta.info\/index.php?rest_route=\/wp\/v2\/posts\/7932\/revisions"}],"predecessor-version":[{"id":7939,"href":"https:\/\/webdealta.info\/index.php?rest_route=\/wp\/v2\/posts\/7932\/revisions\/7939"}],"wp:featuredmedia":[{"embeddable":true,"href":"https:\/\/webdealta.info\/index.php?rest_route=\/wp\/v2\/media\/7933"}],"wp:attachment":[{"href":"https:\/\/webdealta.info\/index.php?rest_route=%2Fwp%2Fv2%2Fmedia&parent=7932"}],"wp:term":[{"taxonomy":"category","embeddable":true,"href":"https:\/\/webdealta.info\/index.php?rest_route=%2Fwp%2Fv2%2Fcategories&post=7932"},{"taxonomy":"post_tag","embeddable":true,"href":"https:\/\/webdealta.info\/index.php?rest_route=%2Fwp%2Fv2%2Ftags&post=7932"}],"curies":[{"name":"wp","href":"https:\/\/api.w.org\/{rel}","templated":true}]}}