{"id":7923,"date":"2023-10-30T12:48:12","date_gmt":"2023-10-30T16:48:12","guid":{"rendered":"https:\/\/webdealta.info\/?p=7923"},"modified":"2023-10-30T12:48:14","modified_gmt":"2023-10-30T16:48:14","slug":"en-accidente-de-transito-murio-funcionario-de-poliguarico","status":"publish","type":"post","link":"https:\/\/webdealta.info\/?p=7923","title":{"rendered":"En accidente de tr\u00e1nsito muri\u00f3 funcionario de Poligu\u00e1rico"},"content":{"rendered":"\n<p>Amanda Saldivia.-<\/p>\n\n\n\n<p>En un accidente de tr\u00e1nsito perdi\u00f3 la vida un funcionario de Poligu\u00e1rico identificado con el nombre de Juan Jos\u00e9 Bol\u00edvar \u00c1lvarez de 31 a\u00f1os de edad, hecho registrado antes de la medianoche de este domingo 29 de octubre, en la calle 4 del sector Guaiquer\u00edes de Altagracia de Orituco.<\/p>\n\n\n\n<p>De acuerdo al reporte del servicio de tr\u00e1nsito de la Polic\u00eda Nacional Bolivariana, a cargo del Oficial jefe Miguel Arenas, el funcionario estaba adscrito al Instituto Aut\u00f3nomo de la Polic\u00eda del estado Gu\u00e1rico I.A.P.E.G.<\/p>\n\n\n\n<p>Sobre las causas del accidente, se cree que cay\u00f3 al pavimento, debido a que perdi\u00f3 el control de la motocicleta que conduc\u00eda, lo que trajo como consecuencias lesiones que le produjeron la muerte, posterior al ingreso a la emergencia del hospital Dr. Jos\u00e9 Francisco Torrealba.<\/p>\n\n\n\n<p>Este hecho caus\u00f3 pesar en las filas de Poligu\u00e1rico y en la familia gracitana, porque el funcionario fallecido es oriundo de esta poblaci\u00f3n.<\/p>\n\n\n\n<p>@amandasaldivia  <\/p>\n","protected":false},"excerpt":{"rendered":"<p>Amanda Saldivia.- En un accidente de tr\u00e1nsito perdi\u00f3 la vida un funcionario de Poligu\u00e1rico identificado con el nombre de Juan Jos\u00e9 Bol\u00edvar \u00c1lvarez de 31 a\u00f1os de edad, hecho registrado antes de la medianoche de este domingo 29 de octubre, en la calle 4 del sector Guaiquer\u00edes de Altagracia de<\/p>\n","protected":false},"author":2,"featured_media":7924,"comment_status":"open","ping_status":"open","sticky":false,"template":"","format":"standard","meta":{"advanced_seo_description":"","jetpack_seo_html_title":"","jetpack_seo_noindex":false,"_jetpack_memberships_contains_paid_content":false,"footnotes":"","jetpack_publicize_message":"","jetpack_publicize_feature_enabled":true,"jetpack_social_post_already_shared":true,"jetpack_social_options":{"image_generator_settings":{"template":"highway","enabled":false},"version":2}},"categories":[335,251],"tags":[8,7,32],"class_list":["post-7923","post","type-post","status-publish","format-standard","has-post-thumbnail","hentry","category-locales","category-webdealta","tag-altagraciadeorituco","tag-guarico","tag-webdealta",""],"jetpack_publicize_connections":[],"jetpack_featured_media_url":"https:\/\/webdealta.info\/wp-content\/uploads\/2023\/10\/accidente-poliguarico-webdealta.png","jetpack_sharing_enabled":true,"jetpack_likes_enabled":true,"jetpack-related-posts":[],"jetpack_shortlink":"https:\/\/wp.me\/pcseDn-23N","_links":{"self":[{"href":"https:\/\/webdealta.info\/index.php?rest_route=\/wp\/v2\/posts\/7923","targetHints":{"allow":["GET"]}}],"collection":[{"href":"https:\/\/webdealta.info\/index.php?rest_route=\/wp\/v2\/posts"}],"about":[{"href":"https:\/\/webdealta.info\/index.php?rest_route=\/wp\/v2\/types\/post"}],"author":[{"embeddable":true,"href":"https:\/\/webdealta.info\/index.php?rest_route=\/wp\/v2\/users\/2"}],"replies":[{"embeddable":true,"href":"https:\/\/webdealta.info\/index.php?rest_route=%2Fwp%2Fv2%2Fcomments&post=7923"}],"version-history":[{"count":1,"href":"https:\/\/webdealta.info\/index.php?rest_route=\/wp\/v2\/posts\/7923\/revisions"}],"predecessor-version":[{"id":7925,"href":"https:\/\/webdealta.info\/index.php?rest_route=\/wp\/v2\/posts\/7923\/revisions\/7925"}],"wp:featuredmedia":[{"embeddable":true,"href":"https:\/\/webdealta.info\/index.php?rest_route=\/wp\/v2\/media\/7924"}],"wp:attachment":[{"href":"https:\/\/webdealta.info\/index.php?rest_route=%2Fwp%2Fv2%2Fmedia&parent=7923"}],"wp:term":[{"taxonomy":"category","embeddable":true,"href":"https:\/\/webdealta.info\/index.php?rest_route=%2Fwp%2Fv2%2Fcategories&post=7923"},{"taxonomy":"post_tag","embeddable":true,"href":"https:\/\/webdealta.info\/index.php?rest_route=%2Fwp%2Fv2%2Ftags&post=7923"}],"curies":[{"name":"wp","href":"https:\/\/api.w.org\/{rel}","templated":true}]}}