{"id":7911,"date":"2023-10-26T11:59:52","date_gmt":"2023-10-26T15:59:52","guid":{"rendered":"https:\/\/webdealta.info\/?p=7911"},"modified":"2023-10-26T12:00:00","modified_gmt":"2023-10-26T16:00:00","slug":"empeora-servicio-electrico-y-de-cantv-en-paso-real-de-macaira","status":"publish","type":"post","link":"https:\/\/webdealta.info\/?p=7911","title":{"rendered":"Empeora servicio el\u00e9ctrico y de CANTV en Paso Real de Macaira"},"content":{"rendered":"\n<p>Amanda Saldivia.-<\/p>\n\n\n\n<p>M\u00e1s de 36 horas sin energ\u00eda el\u00e9ctrica es parte de la cotidianidad que viven los habitantes de la poblaci\u00f3n de Paso Real de Macaira, a lo que se suma que, al quedar sin ese servicio, tambi\u00e9n falla la telefon\u00eda de CANTV y el internet ABA, es decir quedan incomunicados, porque en esa zona del municipio Jos\u00e9 Tadeo Monagas no hay se\u00f1al de ninguna operadora de telefon\u00eda m\u00f3vil.<\/p>\n\n\n\n<p>Las debilidades que tiene ese poblado guarique\u00f1o no son nuevas, lo lamentable es que siguen profundiz\u00e1ndose, dijo Argeli Rodr\u00edguez en declaraciones a la Web de Altagracia en la ma\u00f1ana de este jueves 26 de octubre, cuando report\u00f3 que cumplieron 6 horas sin energ\u00eda el\u00e9ctrica y que en plena oscuridad sali\u00f3 de Paso Real en la madrugada, porque deb\u00eda viajar a la capital del pa\u00eds.<\/p>\n\n\n\n<p>Desde ah\u00ed, explic\u00f3 que la situaci\u00f3n respecto al servicio de CANTV empeor\u00f3 ayer, porque producto de la \u201cmega fluctuaci\u00f3n el\u00e9ctrica\u201d que se registr\u00f3 a las 2:00 pm, no tienen tono para llamadas ni internet.<\/p>\n\n\n\n<p>Para Argeli Rodr\u00edguez, lo m\u00e1s preocupante es que no se ve inversi\u00f3n en esas dos \u00e1reas, que permitan vislumbrar mejores servicios p\u00fablicos en el corto plazo, lo que implica que culmina otro a\u00f1o entre apagones e incomunicados.<\/p>\n\n\n\n<p>@amandasaldivia  <\/p>\n\n\n\n<p><\/p>\n","protected":false},"excerpt":{"rendered":"<p>Amanda Saldivia.- M\u00e1s de 36 horas sin energ\u00eda el\u00e9ctrica es parte de la cotidianidad que viven los habitantes de la poblaci\u00f3n de Paso Real de Macaira, a lo que se suma que, al quedar sin ese servicio, tambi\u00e9n falla la telefon\u00eda de CANTV y el internet ABA, es decir quedan<\/p>\n","protected":false},"author":2,"featured_media":7912,"comment_status":"open","ping_status":"open","sticky":false,"template":"","format":"standard","meta":{"advanced_seo_description":"","jetpack_seo_html_title":"","jetpack_seo_noindex":false,"_jetpack_memberships_contains_paid_content":false,"footnotes":"","jetpack_publicize_message":"","jetpack_publicize_feature_enabled":true,"jetpack_social_post_already_shared":true,"jetpack_social_options":{"image_generator_settings":{"template":"highway","enabled":false},"version":2}},"categories":[89,251],"tags":[8,7,32],"class_list":["post-7911","post","type-post","status-publish","format-standard","has-post-thumbnail","hentry","category-comunidad","category-webdealta","tag-altagraciadeorituco","tag-guarico","tag-webdealta",""],"jetpack_publicize_connections":[],"jetpack_featured_media_url":"https:\/\/webdealta.info\/wp-content\/uploads\/2023\/10\/pasoreal-sinluz-webdealta.png","jetpack_sharing_enabled":true,"jetpack_likes_enabled":true,"jetpack-related-posts":[],"jetpack_shortlink":"https:\/\/wp.me\/pcseDn-23B","_links":{"self":[{"href":"https:\/\/webdealta.info\/index.php?rest_route=\/wp\/v2\/posts\/7911","targetHints":{"allow":["GET"]}}],"collection":[{"href":"https:\/\/webdealta.info\/index.php?rest_route=\/wp\/v2\/posts"}],"about":[{"href":"https:\/\/webdealta.info\/index.php?rest_route=\/wp\/v2\/types\/post"}],"author":[{"embeddable":true,"href":"https:\/\/webdealta.info\/index.php?rest_route=\/wp\/v2\/users\/2"}],"replies":[{"embeddable":true,"href":"https:\/\/webdealta.info\/index.php?rest_route=%2Fwp%2Fv2%2Fcomments&post=7911"}],"version-history":[{"count":1,"href":"https:\/\/webdealta.info\/index.php?rest_route=\/wp\/v2\/posts\/7911\/revisions"}],"predecessor-version":[{"id":7913,"href":"https:\/\/webdealta.info\/index.php?rest_route=\/wp\/v2\/posts\/7911\/revisions\/7913"}],"wp:featuredmedia":[{"embeddable":true,"href":"https:\/\/webdealta.info\/index.php?rest_route=\/wp\/v2\/media\/7912"}],"wp:attachment":[{"href":"https:\/\/webdealta.info\/index.php?rest_route=%2Fwp%2Fv2%2Fmedia&parent=7911"}],"wp:term":[{"taxonomy":"category","embeddable":true,"href":"https:\/\/webdealta.info\/index.php?rest_route=%2Fwp%2Fv2%2Fcategories&post=7911"},{"taxonomy":"post_tag","embeddable":true,"href":"https:\/\/webdealta.info\/index.php?rest_route=%2Fwp%2Fv2%2Ftags&post=7911"}],"curies":[{"name":"wp","href":"https:\/\/api.w.org\/{rel}","templated":true}]}}