{"id":7906,"date":"2023-10-26T11:47:13","date_gmt":"2023-10-26T15:47:13","guid":{"rendered":"https:\/\/webdealta.info\/?p=7906"},"modified":"2023-10-26T11:47:21","modified_gmt":"2023-10-26T15:47:21","slug":"encuentro-entre-la-madre-candelaria-y-el-dr-jose-gregorio-hernandez","status":"publish","type":"post","link":"https:\/\/webdealta.info\/?p=7906","title":{"rendered":"Encuentro entre la Madre Candelaria y el Dr. Jos\u00e9 Gregorio Hern\u00e1ndez"},"content":{"rendered":"\n<p>Amanda Saldivia.-<\/p>\n\n\n\n<p>Hoy, es una fecha importante en la efem\u00e9ride nacional. Se conmemora el natalicio del Dr. Jos\u00e9 Gregorio Hern\u00e1ndez, quien naci\u00f3 en Isnot\u00fa, estado Trujillo, el 26 de octubre de 1864. Su obra es de reconocimiento mundial, porque se destac\u00f3 como m\u00e9dico, cient\u00edfico, profesor y por la entrega al servicio de los m\u00e1s necesitados. Despert\u00f3 la fe y esos milagros lo elevaron a los altares como Beato, rumbo a la Santidad.<\/p>\n\n\n\n<p>Por ser d\u00eda de su natalicio, es oportuno resaltar que entre el Beato Dr. Jos\u00e9 Gregorio Hern\u00e1ndez y la Beata Madre Candelaria de San Jos\u00e9 hubo una conexi\u00f3n antes de que les atribuyeran milagros. Esa historia la cont\u00f3 el padre Oscar Brice\u00f1o de la parroquia San Jos\u00e9 de Guaribe, acompa\u00f1ada con la ilustraci\u00f3n de Paola Rodr\u00edguez, habitante de ese pueblo guarique\u00f1o.<\/p>\n\n\n\n<p>Compartimos el texto completo:<\/p>\n\n\n\n<p>Va transcurriendo la tarde, en el tiempo queda marcada la hist\u00f3rica fecha: domingo 29 de junio de 1919. Una emergencia llega al hospital Vargas, aumenta la tensi\u00f3n, todos parecen conocer la v\u00edctima del accidente, se escucha el grito de una enfermera: \u00abes el Dr. Hern\u00e1ndez.\u00bb<\/p>\n\n\n\n<p>Se abren las puertas, un interno corre a prestar apoyo, la oscura y beata sangre va dejando huellas en el camino; no hay m\u00e9dico en todo el edificio, curiosamente no hay quien atienda al insigne doctor que entreg\u00f3 su vida al servicio de la ciencia, su rostro va perdiendo el color mientras los pasos acelerados del involuntario homicida salen en busca del Dr. Razetti.<\/p>\n\n\n\n<p>Corren los rumores, la capital est\u00e1 alerta, pasan los minutos y hace su entrada aquel colega, que con voz quebrada y temple de guerrero confirma que el ingresado, con fractura en la base del cr\u00e1neo, como ofrenda que pone fin a la gran guerra, oficialmente \u00a1ha fallecido!<\/p>\n\n\n\n<p>El cielo oscurecido va encendiendo la luz de las estrellas, llenando los pasillos de pobres agradecidos. Razetti sorprendido, sigue al lado de su amigo, mientras una prodiga religiosa que era asistida en aquel sitio, con sus calzados h\u00e1bitos, marr\u00f3n de Carmelitas, piadosa y recia imploraba el eterno descanso del reconocido humanista.<\/p>\n\n\n\n<p>Lo veo claramente, con vela en mano encendida, rayos de luz desborda aquella escena, d\u00f3nde en una misma habitaci\u00f3n, sin saberlo, se encontraron dos aureolas de inconfundible caridad venezolana, pues nunca estuvo tan unido el llano con la monta\u00f1a, el Gu\u00e1rico con Trujillo, y la ciencia con la fe intactas.<\/p>\n\n\n\n<p>Ilustraci\u00f3n Paola Rodr\u00edguez<\/p>\n\n\n\n<p>Texto del padre Oscar Brice\u00f1o tomado del portal de la CEV  <\/p>\n\n\n\n<p><\/p>\n","protected":false},"excerpt":{"rendered":"<p>Amanda Saldivia.- Hoy, es una fecha importante en la efem\u00e9ride nacional. Se conmemora el natalicio del Dr. Jos\u00e9 Gregorio Hern\u00e1ndez, quien naci\u00f3 en Isnot\u00fa, estado Trujillo, el 26 de octubre de 1864. Su obra es de reconocimiento mundial, porque se destac\u00f3 como m\u00e9dico, cient\u00edfico, profesor y por la entrega al<\/p>\n","protected":false},"author":2,"featured_media":7907,"comment_status":"open","ping_status":"open","sticky":false,"template":"","format":"standard","meta":{"advanced_seo_description":"","jetpack_seo_html_title":"","jetpack_seo_noindex":false,"_jetpack_memberships_contains_paid_content":false,"footnotes":"","jetpack_publicize_message":"","jetpack_publicize_feature_enabled":true,"jetpack_social_post_already_shared":true,"jetpack_social_options":{"image_generator_settings":{"template":"highway","enabled":false},"version":2}},"categories":[314,251],"tags":[8,7,32],"class_list":["post-7906","post","type-post","status-publish","format-standard","has-post-thumbnail","hentry","category-historias-de-fe","category-webdealta","tag-altagraciadeorituco","tag-guarico","tag-webdealta",""],"jetpack_publicize_connections":[],"jetpack_featured_media_url":"https:\/\/webdealta.info\/wp-content\/uploads\/2023\/10\/unidos-madre-candelaria-y-jose-gregorio-hernandez-webdealta.png","jetpack_sharing_enabled":true,"jetpack_likes_enabled":true,"jetpack-related-posts":[],"jetpack_shortlink":"https:\/\/wp.me\/pcseDn-23w","_links":{"self":[{"href":"https:\/\/webdealta.info\/index.php?rest_route=\/wp\/v2\/posts\/7906","targetHints":{"allow":["GET"]}}],"collection":[{"href":"https:\/\/webdealta.info\/index.php?rest_route=\/wp\/v2\/posts"}],"about":[{"href":"https:\/\/webdealta.info\/index.php?rest_route=\/wp\/v2\/types\/post"}],"author":[{"embeddable":true,"href":"https:\/\/webdealta.info\/index.php?rest_route=\/wp\/v2\/users\/2"}],"replies":[{"embeddable":true,"href":"https:\/\/webdealta.info\/index.php?rest_route=%2Fwp%2Fv2%2Fcomments&post=7906"}],"version-history":[{"count":1,"href":"https:\/\/webdealta.info\/index.php?rest_route=\/wp\/v2\/posts\/7906\/revisions"}],"predecessor-version":[{"id":7908,"href":"https:\/\/webdealta.info\/index.php?rest_route=\/wp\/v2\/posts\/7906\/revisions\/7908"}],"wp:featuredmedia":[{"embeddable":true,"href":"https:\/\/webdealta.info\/index.php?rest_route=\/wp\/v2\/media\/7907"}],"wp:attachment":[{"href":"https:\/\/webdealta.info\/index.php?rest_route=%2Fwp%2Fv2%2Fmedia&parent=7906"}],"wp:term":[{"taxonomy":"category","embeddable":true,"href":"https:\/\/webdealta.info\/index.php?rest_route=%2Fwp%2Fv2%2Fcategories&post=7906"},{"taxonomy":"post_tag","embeddable":true,"href":"https:\/\/webdealta.info\/index.php?rest_route=%2Fwp%2Fv2%2Ftags&post=7906"}],"curies":[{"name":"wp","href":"https:\/\/api.w.org\/{rel}","templated":true}]}}