{"id":7897,"date":"2023-10-23T21:55:52","date_gmt":"2023-10-24T01:55:52","guid":{"rendered":"https:\/\/webdealta.info\/?p=7897"},"modified":"2023-10-23T21:55:54","modified_gmt":"2023-10-24T01:55:54","slug":"con-charlas-cerro-la-semana-de-lucha-contra-el-cancer-de-mama","status":"publish","type":"post","link":"https:\/\/webdealta.info\/?p=7897","title":{"rendered":"Con charlas cerr\u00f3 la Semana de Lucha contra el C\u00e1ncer de Mama"},"content":{"rendered":"\n<p>Amanda Saldivia.-<\/p>\n\n\n\n<p>La Semana Internacional de Lucha contra el C\u00e1ncer de Mama cerr\u00f3 en Altagracia de Orituco con la realizaci\u00f3n de charlas dirigidas al personal de salud y p\u00fablico en general, con miras a sumar esfuerzos en pro de sensibilizar a las mujeres sobre la necesidad del chequeo anual con el especialista, adem\u00e1s de la realizaci\u00f3n del eco mamario y la mamograf\u00eda.<\/p>\n\n\n\n<p>En el CDI Dr. Ricardo Isidro Bernal Ramos de El Diamante, la charla organizada por la ASIC, estuvo representada por la Dra. Ermelinda Parra, quien dio las palabras de bienvenida, para posteriormente dar paso a la tem\u00e1tica con la participaci\u00f3n de enfermer\u00eda, recursos humanos, almac\u00e9n y promoci\u00f3n social.<\/p>\n\n\n\n<p>Ah\u00ed destac\u00f3 la presencia del personal de la escuela Monse\u00f1or Sixto Sosa y el testimonio, v\u00eda audio, de la maestra Mirna Itriago, paciente oncol\u00f3gica que cont\u00f3 como detect\u00f3 una tumoraci\u00f3n en una de sus mamas y el camino que ha recorrido para lograr la sanaci\u00f3n.<\/p>\n\n\n\n<p>Por su parte, en la sala de conferencia del hospital Dr. Jos\u00e9 Francisco Torrealba, se desarroll\u00f3 ese mismo viernes 20 de octubre, las ponencias sobre el c\u00e1ncer de mama a cargo de tres profesionales, ellas fueron la licenciada Rosa Rom\u00e1n, la Dra. Rosa Hern\u00e1ndez y la mast\u00f3loga Neibert Reina, cada una con aportes sobre la detecci\u00f3n, factores de riesgo, s\u00edntomas, tratamientos y hasta los \u00e1mbitos saludades como parte de la lucha contra esa patolog\u00eda.<\/p>\n\n\n\n<p>La actividad estuvo organizada por el Dr. F\u00e9lix Palacios, jefe del \u00e1rea de ginecoobstetricia del hospital Dr. Jos\u00e9 Francisco Torrealba, con el apoyo del Dr. Jos\u00e9 Rodr\u00edguez, director de ese centro de atenci\u00f3n.<\/p>\n\n\n\n<p>Al momento del cierre de la actividad, el Dr. Palacios anunci\u00f3 que est\u00e1n trabajando para reparar el equipo de ecograf\u00eda del CDI de El Diamante, lo que permitir\u00e1 coordinar la presencia de ginecoobstetras que puedan realizar los ecos mamarios gratuitos, examen que en la actualidad solo se hace en la consulta privada.<\/p>\n\n\n\n<p>De esa forma, culmin\u00f3 en Altagracia de Orituco la Semana Rosa, con actividades diversas que buscan sensibilizar sobre la importancia de que la mujer tenga acceso a la informaci\u00f3n necesaria que permita detectar a tiempo el c\u00e1ncer de mama.<\/p>\n\n\n\n<p>@amandasaldivia  <\/p>\n\n\n\n<p><\/p>\n","protected":false},"excerpt":{"rendered":"<p>Amanda Saldivia.- La Semana Internacional de Lucha contra el C\u00e1ncer de Mama cerr\u00f3 en Altagracia de Orituco con la realizaci\u00f3n de charlas dirigidas al personal de salud y p\u00fablico en general, con miras a sumar esfuerzos en pro de sensibilizar a las mujeres sobre la necesidad del chequeo anual con<\/p>\n","protected":false},"author":2,"featured_media":7898,"comment_status":"open","ping_status":"open","sticky":false,"template":"","format":"standard","meta":{"advanced_seo_description":"","jetpack_seo_html_title":"","jetpack_seo_noindex":false,"_jetpack_memberships_contains_paid_content":false,"footnotes":"","jetpack_publicize_message":"","jetpack_publicize_feature_enabled":true,"jetpack_social_post_already_shared":true,"jetpack_social_options":{"image_generator_settings":{"template":"highway","enabled":false},"version":2}},"categories":[12,251],"tags":[8,7,32],"class_list":["post-7897","post","type-post","status-publish","format-standard","has-post-thumbnail","hentry","category-salud","category-webdealta","tag-altagraciadeorituco","tag-guarico","tag-webdealta",""],"jetpack_publicize_connections":[],"jetpack_featured_media_url":"https:\/\/webdealta.info\/wp-content\/uploads\/2023\/10\/salud-charlas-webdealta.png","jetpack_sharing_enabled":true,"jetpack_likes_enabled":true,"jetpack-related-posts":[],"jetpack_shortlink":"https:\/\/wp.me\/pcseDn-23n","_links":{"self":[{"href":"https:\/\/webdealta.info\/index.php?rest_route=\/wp\/v2\/posts\/7897","targetHints":{"allow":["GET"]}}],"collection":[{"href":"https:\/\/webdealta.info\/index.php?rest_route=\/wp\/v2\/posts"}],"about":[{"href":"https:\/\/webdealta.info\/index.php?rest_route=\/wp\/v2\/types\/post"}],"author":[{"embeddable":true,"href":"https:\/\/webdealta.info\/index.php?rest_route=\/wp\/v2\/users\/2"}],"replies":[{"embeddable":true,"href":"https:\/\/webdealta.info\/index.php?rest_route=%2Fwp%2Fv2%2Fcomments&post=7897"}],"version-history":[{"count":1,"href":"https:\/\/webdealta.info\/index.php?rest_route=\/wp\/v2\/posts\/7897\/revisions"}],"predecessor-version":[{"id":7899,"href":"https:\/\/webdealta.info\/index.php?rest_route=\/wp\/v2\/posts\/7897\/revisions\/7899"}],"wp:featuredmedia":[{"embeddable":true,"href":"https:\/\/webdealta.info\/index.php?rest_route=\/wp\/v2\/media\/7898"}],"wp:attachment":[{"href":"https:\/\/webdealta.info\/index.php?rest_route=%2Fwp%2Fv2%2Fmedia&parent=7897"}],"wp:term":[{"taxonomy":"category","embeddable":true,"href":"https:\/\/webdealta.info\/index.php?rest_route=%2Fwp%2Fv2%2Fcategories&post=7897"},{"taxonomy":"post_tag","embeddable":true,"href":"https:\/\/webdealta.info\/index.php?rest_route=%2Fwp%2Fv2%2Ftags&post=7897"}],"curies":[{"name":"wp","href":"https:\/\/api.w.org\/{rel}","templated":true}]}}