{"id":7884,"date":"2023-10-21T12:13:16","date_gmt":"2023-10-21T16:13:16","guid":{"rendered":"https:\/\/webdealta.info\/?p=7884"},"modified":"2023-10-21T12:15:13","modified_gmt":"2023-10-21T16:15:13","slug":"el-poder-del-conocimiento-en-el-siglo-xviii-se-sembro-anil-en-el-orituco","status":"publish","type":"post","link":"https:\/\/webdealta.info\/?p=7884","title":{"rendered":"El Poder del Conocimiento: en el siglo XVIII se sembr\u00f3 a\u00f1il en el Orituco"},"content":{"rendered":"\n<p>Amanda Saldivia.-<\/p>\n\n\n\n<p>Desde la \u00e9poca colonial, los conquistadores quedaron prendados con las bondades del valle gracitano. No es para menos, llegaron a una regi\u00f3n privilegiada, con suelos f\u00e9rtiles en las riberas del r\u00edo Orituco.<\/p>\n\n\n\n<p>En medio de lo que signific\u00f3 el proceso de toma del territorio que era habitado por ind\u00edgenas n\u00f3madas que viv\u00edan de la riqueza que les prove\u00eda la naturaleza, los colonizadores iniciaron el cultivo de ca\u00f1a de az\u00facar, cacao, tabaco, caf\u00e9 y a\u00f1il.<\/p>\n\n\n\n<p>Seguramente, algunos de ustedes se preguntar\u00e1n y qu\u00e9 es a\u00f1il, cu\u00e1l es su uso. Resulta que en el siglo XVIII el a\u00f1il estaba registrado como uno de los principales productos de exportaci\u00f3n de Venezuela.<\/p>\n\n\n\n<p>Aunque se cree que fue poca la siembra de esa planta en esta zona guarique\u00f1a, si se sabe que en San Rafael de Orituco estaba una oficina de la Compa\u00f1\u00eda Guipuzcoana, donde se almacenaba a\u00f1il, tabaco y cacao, de acuerdo a los datos aportados por el Dr. Carlos L\u00f3pez Garc\u00e9s, en el libro Tiempos coloniales de Altagracia de Orituco 1694-1810.<\/p>\n\n\n\n<p>Luego de ese dato, vamos con qu\u00e9 es a\u00f1il. Es una planta perteneciente a la familia de las leguminosas, cuyo nombre cient\u00edfico es Indig\u00f3fera tinctorea. Es un colorante natural que ti\u00f1e de azul luego de un proceso de fermentaci\u00f3n que se hace en tanques donde se introducen las hojas y tallos de esa planta en agua, para dar al final una pasta color azul violeta o tinte \u00edndigo.<\/p>\n\n\n\n<p>Aunque se afirma que es originaria de la India, esta planta se consegu\u00eda en Am\u00e9rica de forma silvestre, antes de la llegada de los espa\u00f1oles. Incluso Los Mayas la utilizaban en rituales, como planta medicinal y para pintar cer\u00e1micas.<\/p>\n\n\n\n<p>Tambi\u00e9n en la zona del mediterr\u00e1neo resaltan las casas pintadas de blanco y el z\u00f3calo con el caracter\u00edstico azul a\u00f1il, que por cierto tambi\u00e9n se utiliz\u00f3 para darle color a los pantalones de mezclilla, conocidos popularmente como blue jeans. &nbsp;<\/p>\n\n\n\n<p>Otro dato interesante, es que la iglesia de San Rafael de Orituco, en una oportunidad, fue pintada de azul, porque investigadores determinaron que ese fue su color original. Y no es extra\u00f1o, porque all\u00ed se cultiv\u00f3 esta leguminosa en el siglo XVIII.<\/p>\n\n\n\n<p>El declive de este cultivo a nivel mundial se debi\u00f3 a que causa el empobrecimiento del suelo, lo que trajo bajo rendimiento, as\u00ed como el impact\u00f3 por el lanzamiento de colorantes sint\u00e9ticos, mucho m\u00e1s econ\u00f3micos.<\/p>\n\n\n\n<p>Sin embargo, todav\u00eda algunos pa\u00edses lo siembran para fines comerciales, porque ese tono de azul org\u00e1nico todav\u00eda es buscado en el mercado, mientras otros lo emplean para fines medicinales.<\/p>\n\n\n\n<p>As\u00ed que es bueno saber que en este valle de Orituco se sembr\u00f3 a\u00f1il y que era comercializado por la compa\u00f1\u00eda Guipuzcoana.<\/p>\n\n\n\n<p>@amandasaldivia  <\/p>\n\n\n\n<p><\/p>\n","protected":false},"excerpt":{"rendered":"<p>Amanda Saldivia.- Desde la \u00e9poca colonial, los conquistadores quedaron prendados con las bondades del valle gracitano. No es para menos, llegaron a una regi\u00f3n privilegiada, con suelos f\u00e9rtiles en las riberas del r\u00edo Orituco. En medio de lo que signific\u00f3 el proceso de toma del territorio que era habitado por<\/p>\n","protected":false},"author":2,"featured_media":7885,"comment_status":"open","ping_status":"open","sticky":false,"template":"","format":"standard","meta":{"advanced_seo_description":"","jetpack_seo_html_title":"","jetpack_seo_noindex":false,"_jetpack_memberships_contains_paid_content":false,"footnotes":"","jetpack_publicize_message":"","jetpack_publicize_feature_enabled":true,"jetpack_social_post_already_shared":true,"jetpack_social_options":{"image_generator_settings":{"template":"highway","enabled":false},"version":2}},"categories":[302,251],"tags":[8,7,32],"class_list":["post-7884","post","type-post","status-publish","format-standard","has-post-thumbnail","hentry","category-el-poder-del-conocimiento","category-webdealta","tag-altagraciadeorituco","tag-guarico","tag-webdealta",""],"jetpack_publicize_connections":[],"jetpack_featured_media_url":"https:\/\/webdealta.info\/wp-content\/uploads\/2023\/10\/webdealta-azul-anil.png","jetpack_sharing_enabled":true,"jetpack_likes_enabled":true,"jetpack-related-posts":[],"jetpack_shortlink":"https:\/\/wp.me\/pcseDn-23a","_links":{"self":[{"href":"https:\/\/webdealta.info\/index.php?rest_route=\/wp\/v2\/posts\/7884","targetHints":{"allow":["GET"]}}],"collection":[{"href":"https:\/\/webdealta.info\/index.php?rest_route=\/wp\/v2\/posts"}],"about":[{"href":"https:\/\/webdealta.info\/index.php?rest_route=\/wp\/v2\/types\/post"}],"author":[{"embeddable":true,"href":"https:\/\/webdealta.info\/index.php?rest_route=\/wp\/v2\/users\/2"}],"replies":[{"embeddable":true,"href":"https:\/\/webdealta.info\/index.php?rest_route=%2Fwp%2Fv2%2Fcomments&post=7884"}],"version-history":[{"count":1,"href":"https:\/\/webdealta.info\/index.php?rest_route=\/wp\/v2\/posts\/7884\/revisions"}],"predecessor-version":[{"id":7886,"href":"https:\/\/webdealta.info\/index.php?rest_route=\/wp\/v2\/posts\/7884\/revisions\/7886"}],"wp:featuredmedia":[{"embeddable":true,"href":"https:\/\/webdealta.info\/index.php?rest_route=\/wp\/v2\/media\/7885"}],"wp:attachment":[{"href":"https:\/\/webdealta.info\/index.php?rest_route=%2Fwp%2Fv2%2Fmedia&parent=7884"}],"wp:term":[{"taxonomy":"category","embeddable":true,"href":"https:\/\/webdealta.info\/index.php?rest_route=%2Fwp%2Fv2%2Fcategories&post=7884"},{"taxonomy":"post_tag","embeddable":true,"href":"https:\/\/webdealta.info\/index.php?rest_route=%2Fwp%2Fv2%2Ftags&post=7884"}],"curies":[{"name":"wp","href":"https:\/\/api.w.org\/{rel}","templated":true}]}}