{"id":7876,"date":"2023-10-19T20:16:55","date_gmt":"2023-10-20T00:16:55","guid":{"rendered":"https:\/\/webdealta.info\/?p=7876"},"modified":"2023-10-19T20:17:10","modified_gmt":"2023-10-20T00:17:10","slug":"cambios-en-el-gabinete-del-gobernador-jose-vasquez","status":"publish","type":"post","link":"https:\/\/webdealta.info\/?p=7876","title":{"rendered":"Cambios en el gabinete del gobernador Jos\u00e9 V\u00e1squez"},"content":{"rendered":"\n<p>Con el objetivo de seguir optimizando los planes de trabajo, planificados en materia de inversi\u00f3n social, para el bienestar de la poblaci\u00f3n en general, el gobernador del estado Gu\u00e1rico, Jos\u00e9 V\u00e1squez, anunci\u00f3 la juramentaci\u00f3n de nuevos secretarios.<\/p>\n\n\n\n<p>En este sentido, el gobernador inform\u00f3 que el licenciado Freddy Al\u00ed G\u00f3mez ser\u00e1 el nuevo secretario general de Gobierno; el &nbsp;G\/D Roger Cordero Lara, asumir\u00e1 la Secretar\u00eda de Seguimiento y Control de la Gesti\u00f3n de Gobierno; el licenciado Eddy Ram\u00edrez, es el&nbsp; nuevo presidente de Bus Gu\u00e1rico; el licenciado Chistopher Constant, presidir\u00e1 Encomuna; Mailyn Sanfiel, es la &nbsp;nueva presidenta del Instituto de la Mujer del estado bolivariano de Gu\u00e1rico (Imubgua) y la licenciada Norelis Andara, cumplir\u00e1 funciones &nbsp;como presidenta de Corpoturismo.<\/p>\n\n\n\n<p>A su vez, destac\u00f3 que se ha venido trabajando de manera articulada por el crecimiento positivo del estado, es por ello, que resalt\u00f3 el compromiso que tienen de construir equipos con liderazgo colectivo, que nos permita integrar las capacidades de cada uno para avanzar en la prosperidad de nuestro pueblo.<\/p>\n\n\n\n<p>Sibci Gu\u00e1rico  <\/p>\n\n\n\n<p><\/p>\n","protected":false},"excerpt":{"rendered":"<p>Con el objetivo de seguir optimizando los planes de trabajo, planificados en materia de inversi\u00f3n social, para el bienestar de la poblaci\u00f3n en general, el gobernador del estado Gu\u00e1rico, Jos\u00e9 V\u00e1squez, anunci\u00f3 la juramentaci\u00f3n de nuevos secretarios. En este sentido, el gobernador inform\u00f3 que el licenciado Freddy Al\u00ed G\u00f3mez ser\u00e1<\/p>\n","protected":false},"author":2,"featured_media":7877,"comment_status":"open","ping_status":"open","sticky":false,"template":"","format":"standard","meta":{"advanced_seo_description":"","jetpack_seo_html_title":"","jetpack_seo_noindex":false,"_jetpack_memberships_contains_paid_content":false,"footnotes":"","jetpack_publicize_message":"","jetpack_publicize_feature_enabled":true,"jetpack_social_post_already_shared":true,"jetpack_social_options":{"image_generator_settings":{"template":"highway","enabled":false},"version":2}},"categories":[284,251],"tags":[8,7,32],"class_list":["post-7876","post","type-post","status-publish","format-standard","has-post-thumbnail","hentry","category-gobierno-de-guarico","category-webdealta","tag-altagraciadeorituco","tag-guarico","tag-webdealta",""],"jetpack_publicize_connections":[],"jetpack_featured_media_url":"https:\/\/webdealta.info\/wp-content\/uploads\/2023\/10\/cambios-gabineta-jose-vasquez.png","jetpack_sharing_enabled":true,"jetpack_likes_enabled":true,"jetpack-related-posts":[],"jetpack_shortlink":"https:\/\/wp.me\/pcseDn-232","_links":{"self":[{"href":"https:\/\/webdealta.info\/index.php?rest_route=\/wp\/v2\/posts\/7876","targetHints":{"allow":["GET"]}}],"collection":[{"href":"https:\/\/webdealta.info\/index.php?rest_route=\/wp\/v2\/posts"}],"about":[{"href":"https:\/\/webdealta.info\/index.php?rest_route=\/wp\/v2\/types\/post"}],"author":[{"embeddable":true,"href":"https:\/\/webdealta.info\/index.php?rest_route=\/wp\/v2\/users\/2"}],"replies":[{"embeddable":true,"href":"https:\/\/webdealta.info\/index.php?rest_route=%2Fwp%2Fv2%2Fcomments&post=7876"}],"version-history":[{"count":1,"href":"https:\/\/webdealta.info\/index.php?rest_route=\/wp\/v2\/posts\/7876\/revisions"}],"predecessor-version":[{"id":7878,"href":"https:\/\/webdealta.info\/index.php?rest_route=\/wp\/v2\/posts\/7876\/revisions\/7878"}],"wp:featuredmedia":[{"embeddable":true,"href":"https:\/\/webdealta.info\/index.php?rest_route=\/wp\/v2\/media\/7877"}],"wp:attachment":[{"href":"https:\/\/webdealta.info\/index.php?rest_route=%2Fwp%2Fv2%2Fmedia&parent=7876"}],"wp:term":[{"taxonomy":"category","embeddable":true,"href":"https:\/\/webdealta.info\/index.php?rest_route=%2Fwp%2Fv2%2Fcategories&post=7876"},{"taxonomy":"post_tag","embeddable":true,"href":"https:\/\/webdealta.info\/index.php?rest_route=%2Fwp%2Fv2%2Ftags&post=7876"}],"curies":[{"name":"wp","href":"https:\/\/api.w.org\/{rel}","templated":true}]}}