{"id":7863,"date":"2023-10-15T19:25:49","date_gmt":"2023-10-15T23:25:49","guid":{"rendered":"https:\/\/webdealta.info\/?p=7863"},"modified":"2023-10-15T19:26:02","modified_gmt":"2023-10-15T23:26:02","slug":"musicos-de-altagracia-y-guaribe-consolidan-orquesta-sinfonica-regional","status":"publish","type":"post","link":"https:\/\/webdealta.info\/?p=7863","title":{"rendered":"M\u00fasicos de Altagracia y Guaribe consolidan Orquesta Sinf\u00f3nica Regional"},"content":{"rendered":"\n<p>Con un ensayo abierto al p\u00fablico, culmin\u00f3 el Encuentro de N\u00facleos de los j\u00f3venes integrantes de las Orquestas Sinf\u00f3nicas de Altagracia de Orituco y de San Jos\u00e9 de Guaribe, quienes recibieron formaci\u00f3n por parte de integrantes de la Orquesta Sinf\u00f3nica Juan Bautista Plaza de Caracas, encabezada por su director Luis Conza.<\/p>\n\n\n\n<p>Fueron tres d\u00edas de talleres intensivos, desde el pasado viernes 13 de octubre, para para culminar este domingo 15 con el ensayo general en la plaza capit\u00e1n Manuel R\u00edos, cercana a la sede del N\u00facleo Altagracia de Orituco, para de esta forma mostrar todo el trabajo alcanzado con repertorios tales como Danz\u00f3n Nro 2, Aires de Venezuela y Hallelujah de Handel.<\/p>\n\n\n\n<p>\u00abEste tipo de encuentros ser\u00e1n cada vez m\u00e1s frecuentes\u2026queremos lograr un sue\u00f1o, la consolidaci\u00f3n de la Nueva Orquesta Sinf\u00f3nica Regional del Eje Nororiental de Gu\u00e1rico, Altagracia de Orituco, Guaribe y pr\u00f3ximamente Macaira\u00bb, fueron parte de las palabras del formador Luis Conza, a la hora de culminar el ensayo.<\/p>\n\n\n\n<p>El N\u00facleo Altagracia de Orituco se encuentra lleno de gran regocijo por la celebraci\u00f3n de dicha actividad, y agradece infinitamente a la Gerencia Estadal de El Sistema en el Estado Gu\u00e1rico, por ser puerta de enlace para que esta actividad fuese posible, a los amigos comerciantes e instituciones que nos apoyaron en la parte log\u00edstica, al Hotel El Campanario por apoyarnos en el alojamiento de los formadores visitantes, y a todas las personas que de alguna u otra manera, colocaron su granito de arena para que esta actividad se desarrollara en feliz t\u00e9rmino.<\/p>\n\n\n\n<p>Felicidades a todos los m\u00fasicos por el trabajo alcanzado. Seguiremos tocando, cantando y luchando, para que la m\u00fasica siga sonando para todos.<\/p>\n\n\n\n<p>Prensa N\u00facleo Altagracia  <\/p>\n\n\n\n<p>Fotos cortes\u00eda<\/p>\n\n\n\n<p><\/p>\n","protected":false},"excerpt":{"rendered":"<p>Con un ensayo abierto al p\u00fablico, culmin\u00f3 el Encuentro de N\u00facleos de los j\u00f3venes integrantes de las Orquestas Sinf\u00f3nicas de Altagracia de Orituco y de San Jos\u00e9 de Guaribe, quienes recibieron formaci\u00f3n por parte de integrantes de la Orquesta Sinf\u00f3nica Juan Bautista Plaza de Caracas, encabezada por su director Luis<\/p>\n","protected":false},"author":2,"featured_media":7864,"comment_status":"open","ping_status":"open","sticky":false,"template":"","format":"standard","meta":{"advanced_seo_description":"","jetpack_seo_html_title":"","jetpack_seo_noindex":false,"_jetpack_memberships_contains_paid_content":false,"footnotes":"","jetpack_publicize_message":"","jetpack_publicize_feature_enabled":true,"jetpack_social_post_already_shared":true,"jetpack_social_options":{"image_generator_settings":{"template":"highway","enabled":false},"version":2}},"categories":[335,251],"tags":[8,7,32],"class_list":["post-7863","post","type-post","status-publish","format-standard","has-post-thumbnail","hentry","category-locales","category-webdealta","tag-altagraciadeorituco","tag-guarico","tag-webdealta",""],"jetpack_publicize_connections":[],"jetpack_featured_media_url":"https:\/\/webdealta.info\/wp-content\/uploads\/2023\/10\/orquesta-webdealta-formacion.png","jetpack_sharing_enabled":true,"jetpack_likes_enabled":true,"jetpack-related-posts":[],"jetpack_shortlink":"https:\/\/wp.me\/pcseDn-22P","_links":{"self":[{"href":"https:\/\/webdealta.info\/index.php?rest_route=\/wp\/v2\/posts\/7863","targetHints":{"allow":["GET"]}}],"collection":[{"href":"https:\/\/webdealta.info\/index.php?rest_route=\/wp\/v2\/posts"}],"about":[{"href":"https:\/\/webdealta.info\/index.php?rest_route=\/wp\/v2\/types\/post"}],"author":[{"embeddable":true,"href":"https:\/\/webdealta.info\/index.php?rest_route=\/wp\/v2\/users\/2"}],"replies":[{"embeddable":true,"href":"https:\/\/webdealta.info\/index.php?rest_route=%2Fwp%2Fv2%2Fcomments&post=7863"}],"version-history":[{"count":1,"href":"https:\/\/webdealta.info\/index.php?rest_route=\/wp\/v2\/posts\/7863\/revisions"}],"predecessor-version":[{"id":7865,"href":"https:\/\/webdealta.info\/index.php?rest_route=\/wp\/v2\/posts\/7863\/revisions\/7865"}],"wp:featuredmedia":[{"embeddable":true,"href":"https:\/\/webdealta.info\/index.php?rest_route=\/wp\/v2\/media\/7864"}],"wp:attachment":[{"href":"https:\/\/webdealta.info\/index.php?rest_route=%2Fwp%2Fv2%2Fmedia&parent=7863"}],"wp:term":[{"taxonomy":"category","embeddable":true,"href":"https:\/\/webdealta.info\/index.php?rest_route=%2Fwp%2Fv2%2Fcategories&post=7863"},{"taxonomy":"post_tag","embeddable":true,"href":"https:\/\/webdealta.info\/index.php?rest_route=%2Fwp%2Fv2%2Ftags&post=7863"}],"curies":[{"name":"wp","href":"https:\/\/api.w.org\/{rel}","templated":true}]}}