{"id":7854,"date":"2023-10-15T11:19:05","date_gmt":"2023-10-15T15:19:05","guid":{"rendered":"https:\/\/webdealta.info\/?p=7854"},"modified":"2023-10-15T11:19:11","modified_gmt":"2023-10-15T15:19:11","slug":"empeora-servicio-electrico-en-san-rafael-de-orituco","status":"publish","type":"post","link":"https:\/\/webdealta.info\/?p=7854","title":{"rendered":"Empeora servicio el\u00e9ctrico en San Rafael de Orituco"},"content":{"rendered":"\n<p>Amanda Saldivia.-<\/p>\n\n\n\n<p>Para habitantes de San Rafael de Orituco no es f\u00e1cil lidiar con el malestar que generan los constantes cortes de energ\u00eda el\u00e9ctrica, porque pasaron de esa sensaci\u00f3n de molestia natural ante cada suspensi\u00f3n, a sentir indignaci\u00f3n, rabia y frustraci\u00f3n al evidenciar que el servicio empeora, sin que conozcan de alguna acci\u00f3n concreta para superar esa deficiencia.<\/p>\n\n\n\n<p>B\u00e1rbara Salazar, es una joven madre y poetisa, una de las finalistas del concurso nacional de poes\u00eda Rafael Cadenas de este a\u00f1o 2023, quien constantemente reporta las suspensiones del servicio, porque de ello depende el bienestar de su familia, as\u00ed como tambi\u00e9n seguir adelante con la formaci\u00f3n en tan inspirado arte, porque recibe clases en l\u00ednea como parte de la premiaci\u00f3n que obtuvo.<\/p>\n\n\n\n<p>En la ma\u00f1ana de este domingo 15 de octubre, nuevamente se comunic\u00f3 con el equipo de este medio digital para reportar que la zona qued\u00f3 en una \u201csola fase\u201d desde 9:30 pm del s\u00e1bado y fue restablecido a las 9:00 am de hoy.<\/p>\n\n\n\n<p>Aprovech\u00f3 para hacer una cronolog\u00eda de las fallas y del racionamiento que les aplic\u00f3 Corpoelec desde el pasado martes. Es el siguiente: \u201cmartes 10: corte desde las 12:00 M hasta 4:00 pm; mi\u00e9rcoles 11: corte desde las 10:00 am hasta las 3:00 pm, m\u00e1s suspensi\u00f3n por tormenta y otro corte a las 8:30 pm hasta las 9:00 pm; viernes 13: fase ca\u00edda desde la madrugada en parte de San Rafael hasta 9:00 am, luego corte en todo el circuito desde las 12:30 pm hasta las 5:10 pm; s\u00e1bado 14 y domingo 15 &#8211; desde las 9:30 pm del s\u00e1bado hasta las 9:00 am del domingo con una sola fase\u201d.<\/p>\n\n\n\n<p>Esa cronolog\u00eda, explic\u00f3 B\u00e1rbara Salazar, es con la finalidad de que se evidencie lo que padecen los habitantes de San Rafael de Orituco y para exigir que haya la inversi\u00f3n que permita mejorar el servicio, ya que considera injusto que los \u201ccastiguen\u201d con racionamientos prolongados y que para colmo tambi\u00e9n se registren fallas.<\/p>\n\n\n\n<p>@amandasaldivia  <\/p>\n\n\n\n<p><\/p>\n","protected":false},"excerpt":{"rendered":"<p>Amanda Saldivia.- Para habitantes de San Rafael de Orituco no es f\u00e1cil lidiar con el malestar que generan los constantes cortes de energ\u00eda el\u00e9ctrica, porque pasaron de esa sensaci\u00f3n de molestia natural ante cada suspensi\u00f3n, a sentir indignaci\u00f3n, rabia y frustraci\u00f3n al evidenciar que el servicio empeora, sin que conozcan<\/p>\n","protected":false},"author":2,"featured_media":7855,"comment_status":"open","ping_status":"open","sticky":false,"template":"","format":"standard","meta":{"advanced_seo_description":"","jetpack_seo_html_title":"","jetpack_seo_noindex":false,"_jetpack_memberships_contains_paid_content":false,"footnotes":"","jetpack_publicize_message":"","jetpack_publicize_feature_enabled":true,"jetpack_social_post_already_shared":true,"jetpack_social_options":{"image_generator_settings":{"template":"highway","enabled":false},"version":2}},"categories":[268,251],"tags":[8,7,32],"class_list":["post-7854","post","type-post","status-publish","format-standard","has-post-thumbnail","hentry","category-servicios-publicos","category-webdealta","tag-altagraciadeorituco","tag-guarico","tag-webdealta",""],"jetpack_publicize_connections":[],"jetpack_featured_media_url":"https:\/\/webdealta.info\/wp-content\/uploads\/2023\/10\/san-rafael-iglesia-sin-luz-webdealta.png","jetpack_sharing_enabled":true,"jetpack_likes_enabled":true,"jetpack-related-posts":[],"jetpack_shortlink":"https:\/\/wp.me\/pcseDn-22G","_links":{"self":[{"href":"https:\/\/webdealta.info\/index.php?rest_route=\/wp\/v2\/posts\/7854","targetHints":{"allow":["GET"]}}],"collection":[{"href":"https:\/\/webdealta.info\/index.php?rest_route=\/wp\/v2\/posts"}],"about":[{"href":"https:\/\/webdealta.info\/index.php?rest_route=\/wp\/v2\/types\/post"}],"author":[{"embeddable":true,"href":"https:\/\/webdealta.info\/index.php?rest_route=\/wp\/v2\/users\/2"}],"replies":[{"embeddable":true,"href":"https:\/\/webdealta.info\/index.php?rest_route=%2Fwp%2Fv2%2Fcomments&post=7854"}],"version-history":[{"count":1,"href":"https:\/\/webdealta.info\/index.php?rest_route=\/wp\/v2\/posts\/7854\/revisions"}],"predecessor-version":[{"id":7856,"href":"https:\/\/webdealta.info\/index.php?rest_route=\/wp\/v2\/posts\/7854\/revisions\/7856"}],"wp:featuredmedia":[{"embeddable":true,"href":"https:\/\/webdealta.info\/index.php?rest_route=\/wp\/v2\/media\/7855"}],"wp:attachment":[{"href":"https:\/\/webdealta.info\/index.php?rest_route=%2Fwp%2Fv2%2Fmedia&parent=7854"}],"wp:term":[{"taxonomy":"category","embeddable":true,"href":"https:\/\/webdealta.info\/index.php?rest_route=%2Fwp%2Fv2%2Fcategories&post=7854"},{"taxonomy":"post_tag","embeddable":true,"href":"https:\/\/webdealta.info\/index.php?rest_route=%2Fwp%2Fv2%2Ftags&post=7854"}],"curies":[{"name":"wp","href":"https:\/\/api.w.org\/{rel}","templated":true}]}}