{"id":7832,"date":"2023-10-11T11:53:13","date_gmt":"2023-10-11T15:53:13","guid":{"rendered":"https:\/\/webdealta.info\/?p=7832"},"modified":"2023-10-11T19:52:37","modified_gmt":"2023-10-11T23:52:37","slug":"se-incendio-vehiculo-en-via-altagracia-lezama","status":"publish","type":"post","link":"https:\/\/webdealta.info\/?p=7832","title":{"rendered":"Se incendi\u00f3 veh\u00edculo en v\u00eda Altagracia &#8211; Lezama"},"content":{"rendered":"\n<p>Amanda Saldivia.-<\/p>\n\n\n\n<p>En la ma\u00f1ana de este mi\u00e9rcoles 11 de octubre se incendi\u00f3 un veh\u00edculo en el tramo Altagracia \u2013 Lezama, sector Tocaragua, lo que arroj\u00f3 la p\u00e9rdida total de la unidad, cuyo conductor afortunadamente result\u00f3 ileso.<\/p>\n\n\n\n<p>De acuerdo a los datos aportados por el general Denis Dur\u00e1n, comandante del Cuerpo de Bomberos Andr\u00e9 Fourneau de esta localidad, se trat\u00f3 de una camioneta marca Ford, modelo Fortaleza, que entr\u00f3 en combusti\u00f3n por razones que a\u00fan est\u00e1n por determinar.<\/p>\n\n\n\n<p>Ante el siniestro, explic\u00f3 Dur\u00e1n, fueron notificados y la acci\u00f3n de los funcionarios \u201cconsisti\u00f3 en extinguir las llamas para minimizar el riesgo existente en la zona\u201d, porque incluso el fuego pod\u00eda extenderse a pastizales, adem\u00e1s de que imped\u00eda la circulaci\u00f3n de veh\u00edculos por esa arteria vial.<\/p>\n\n\n\n<p>@amandasaldivia   <\/p>\n\n\n\n<p><\/p>\n","protected":false},"excerpt":{"rendered":"<p>Amanda Saldivia.- En la ma\u00f1ana de este mi\u00e9rcoles 11 de octubre se incendi\u00f3 un veh\u00edculo en el tramo Altagracia \u2013 Lezama, sector Tocaragua, lo que arroj\u00f3 la p\u00e9rdida total de la unidad, cuyo conductor afortunadamente result\u00f3 ileso. De acuerdo a los datos aportados por el general Denis Dur\u00e1n, comandante del<\/p>\n","protected":false},"author":2,"featured_media":7833,"comment_status":"open","ping_status":"open","sticky":false,"template":"","format":"standard","meta":{"advanced_seo_description":"","jetpack_seo_html_title":"","jetpack_seo_noindex":false,"_jetpack_memberships_contains_paid_content":false,"footnotes":"","jetpack_publicize_message":"","jetpack_publicize_feature_enabled":true,"jetpack_social_post_already_shared":true,"jetpack_social_options":{"image_generator_settings":{"template":"highway","enabled":false},"version":2}},"categories":[234,251],"tags":[8,7,32],"class_list":["post-7832","post","type-post","status-publish","format-standard","has-post-thumbnail","hentry","category-sucesos","category-webdealta","tag-altagraciadeorituco","tag-guarico","tag-webdealta",""],"jetpack_publicize_connections":[],"jetpack_featured_media_url":"https:\/\/webdealta.info\/wp-content\/uploads\/2023\/10\/webdealta-incendio.png","jetpack_sharing_enabled":true,"jetpack_likes_enabled":true,"jetpack-related-posts":[],"jetpack_shortlink":"https:\/\/wp.me\/pcseDn-22k","_links":{"self":[{"href":"https:\/\/webdealta.info\/index.php?rest_route=\/wp\/v2\/posts\/7832","targetHints":{"allow":["GET"]}}],"collection":[{"href":"https:\/\/webdealta.info\/index.php?rest_route=\/wp\/v2\/posts"}],"about":[{"href":"https:\/\/webdealta.info\/index.php?rest_route=\/wp\/v2\/types\/post"}],"author":[{"embeddable":true,"href":"https:\/\/webdealta.info\/index.php?rest_route=\/wp\/v2\/users\/2"}],"replies":[{"embeddable":true,"href":"https:\/\/webdealta.info\/index.php?rest_route=%2Fwp%2Fv2%2Fcomments&post=7832"}],"version-history":[{"count":2,"href":"https:\/\/webdealta.info\/index.php?rest_route=\/wp\/v2\/posts\/7832\/revisions"}],"predecessor-version":[{"id":7836,"href":"https:\/\/webdealta.info\/index.php?rest_route=\/wp\/v2\/posts\/7832\/revisions\/7836"}],"wp:featuredmedia":[{"embeddable":true,"href":"https:\/\/webdealta.info\/index.php?rest_route=\/wp\/v2\/media\/7833"}],"wp:attachment":[{"href":"https:\/\/webdealta.info\/index.php?rest_route=%2Fwp%2Fv2%2Fmedia&parent=7832"}],"wp:term":[{"taxonomy":"category","embeddable":true,"href":"https:\/\/webdealta.info\/index.php?rest_route=%2Fwp%2Fv2%2Fcategories&post=7832"},{"taxonomy":"post_tag","embeddable":true,"href":"https:\/\/webdealta.info\/index.php?rest_route=%2Fwp%2Fv2%2Ftags&post=7832"}],"curies":[{"name":"wp","href":"https:\/\/api.w.org\/{rel}","templated":true}]}}