{"id":7828,"date":"2023-10-09T20:13:00","date_gmt":"2023-10-10T00:13:00","guid":{"rendered":"https:\/\/webdealta.info\/?p=7828"},"modified":"2023-10-09T20:13:02","modified_gmt":"2023-10-10T00:13:02","slug":"sexta-reunion-de-la-zona-economica-agroalimentaria-contabiliza-168-proyectos","status":"publish","type":"post","link":"https:\/\/webdealta.info\/?p=7828","title":{"rendered":"Sexta reuni\u00f3n de la Zona Econ\u00f3mica Agroalimentaria contabiliza 168 proyectos"},"content":{"rendered":"\n<p>Durante el desarrollo de la sexta reuni\u00f3n de la Zona Econ\u00f3mica Especial Agroalimentaria de Oriente, efectuada en el estado Sucre, el gobernador del estado Gu\u00e1rico, Jos\u00e9 V\u00e1squez, present\u00f3 un balance de las potencialidades y la diversidad productiva que posee esta entidad llanera, las cuales tienen la versatilidad de entrelazarse con la visi\u00f3n de desarrollo autosustentable dentro de esta instancia, para cumplir con los objetivos de elevar los rendimientos productivos y garantizar la soberan\u00eda alimentaria de la naci\u00f3n.<\/p>\n\n\n\n<p>\u201cEsta es una oportunidad para cooperar entre estados y en unidad, seguir impulsando el desarrollo de nuestro pa\u00eds\u201d, refiri\u00f3 V\u00e1squez en relaci\u00f3n a lo que han sido estos encuentros, los cuales han permitido ir fortaleciendo enlaces de las potencialidades agr\u00edcolas y productivas de cada una de la regi\u00f3n para favorecer el intercambio de conocimientos y tecnolog\u00edas.<\/p>\n\n\n\n<p>Es por ello que Gu\u00e1rico dentro de este escenario, estar\u00e1 aportando sus estrategias de \u00abEncadenamiento Productivo\u00bb y \u00abUnificaci\u00f3n de las Fuerzas Productivas\u00bb, quienes han permitido que en los \u00faltimos 6 a\u00f1os haya logrado incrementar en m\u00e1s del 100%, pasando de unas 148 mil hect\u00e1reas de cereales anuales (2017), a unas pocas m\u00e1s de 310.000 durante el a\u00f1o 2023 en ambos ciclos de producci\u00f3n, destinando en esta oportunidad un poco m\u00e1s de un mill\u00f3n de kilos de cereales para el consumo nacional, adem\u00e1s de sumar su cualidad en leguminosas.<\/p>\n\n\n\n<p>A nivel regional, el equipo del \u00e1rea econ\u00f3mica de la gobernaci\u00f3n de Gu\u00e1rico, encabezado por el Cnel. H\u00e9ctor V\u00e1squez, secretario ejecutivo de desarrollo econ\u00f3mico, han propuesto una estrategia que permita ampliar las ofertas de empleo a corto, mediano y largo plazo, que en el caso de Gu\u00e1rico involucrar\u00eda un tercio de la poblaci\u00f3n econ\u00f3micamente activa, de la cual el 60% corresponder\u00eda a los 9 municipios guarique\u00f1os que actuar\u00e1n en la Zeeao, siendo estos: Leonardo Infante, Jos\u00e9 F\u00e9lix Ribas, Pedro Zaraza, El Socorro, Chaguaramas, Juan Jos\u00e9 Rond\u00f3n, Santa Mar\u00eda de Ipire, Jos\u00e9 Tadeo Monagas y San Jos\u00e9 de Guaribe.<\/p>\n\n\n\n<p><strong>Progreso organizativo Zeeao<\/strong><\/p>\n\n\n\n<p>En este escenario, el ministro del Poder Popular para la Agricultura y Tierras, Wilmar Castro Soteldo inform\u00f3 que un total de 168 proyectos productivos, fueron presentados en lo que ha sido el desarrollo de estas reuniones por alcaldes, sugeridos por los empresarios y campesinos, con el prop\u00f3sito de impulsar la Zona Econ\u00f3mica Especial Agroalimentaria, por lo cual asever\u00f3 que existen unos factores exitosos que se han recabado a trav\u00e9s de las experiencias de las ZEE en el mundo, entre estas resalta la disciplina productiva, social, laboral, as\u00ed como dar el seguimiento y control del producto.<\/p>\n\n\n\n<p>En compa\u00f1\u00eda del titular de la cartera de Pesca y Acuicultura, Juan Carlos Loyo, destac\u00f3: \u201cAqu\u00ed hay un trabajo detallado georreferenciado con sus coordenadas, con sus potenciales productivos que es necesario pulir e ir al detalle m\u00ednimo\u201d.  <\/p>\n\n\n\n<p>Sibci Gu\u00e1rico<\/p>\n\n\n\n<p><\/p>\n","protected":false},"excerpt":{"rendered":"<p>Durante el desarrollo de la sexta reuni\u00f3n de la Zona Econ\u00f3mica Especial Agroalimentaria de Oriente, efectuada en el estado Sucre, el gobernador del estado Gu\u00e1rico, Jos\u00e9 V\u00e1squez, present\u00f3 un balance de las potencialidades y la diversidad productiva que posee esta entidad llanera, las cuales tienen la versatilidad de entrelazarse con<\/p>\n","protected":false},"author":2,"featured_media":7829,"comment_status":"open","ping_status":"open","sticky":false,"template":"","format":"standard","meta":{"advanced_seo_description":"","jetpack_seo_html_title":"","jetpack_seo_noindex":false,"_jetpack_memberships_contains_paid_content":false,"footnotes":"","jetpack_publicize_message":"","jetpack_publicize_feature_enabled":true,"jetpack_social_post_already_shared":true,"jetpack_social_options":{"image_generator_settings":{"template":"highway","enabled":false},"version":2}},"categories":[284,251],"tags":[8,7,32],"class_list":["post-7828","post","type-post","status-publish","format-standard","has-post-thumbnail","hentry","category-gobierno-de-guarico","category-webdealta","tag-altagraciadeorituco","tag-guarico","tag-webdealta",""],"jetpack_publicize_connections":[],"jetpack_featured_media_url":"https:\/\/webdealta.info\/wp-content\/uploads\/2023\/10\/sexta-reunipon-webdealta.png","jetpack_sharing_enabled":true,"jetpack_likes_enabled":true,"jetpack-related-posts":[],"jetpack_shortlink":"https:\/\/wp.me\/pcseDn-22g","_links":{"self":[{"href":"https:\/\/webdealta.info\/index.php?rest_route=\/wp\/v2\/posts\/7828","targetHints":{"allow":["GET"]}}],"collection":[{"href":"https:\/\/webdealta.info\/index.php?rest_route=\/wp\/v2\/posts"}],"about":[{"href":"https:\/\/webdealta.info\/index.php?rest_route=\/wp\/v2\/types\/post"}],"author":[{"embeddable":true,"href":"https:\/\/webdealta.info\/index.php?rest_route=\/wp\/v2\/users\/2"}],"replies":[{"embeddable":true,"href":"https:\/\/webdealta.info\/index.php?rest_route=%2Fwp%2Fv2%2Fcomments&post=7828"}],"version-history":[{"count":1,"href":"https:\/\/webdealta.info\/index.php?rest_route=\/wp\/v2\/posts\/7828\/revisions"}],"predecessor-version":[{"id":7830,"href":"https:\/\/webdealta.info\/index.php?rest_route=\/wp\/v2\/posts\/7828\/revisions\/7830"}],"wp:featuredmedia":[{"embeddable":true,"href":"https:\/\/webdealta.info\/index.php?rest_route=\/wp\/v2\/media\/7829"}],"wp:attachment":[{"href":"https:\/\/webdealta.info\/index.php?rest_route=%2Fwp%2Fv2%2Fmedia&parent=7828"}],"wp:term":[{"taxonomy":"category","embeddable":true,"href":"https:\/\/webdealta.info\/index.php?rest_route=%2Fwp%2Fv2%2Fcategories&post=7828"},{"taxonomy":"post_tag","embeddable":true,"href":"https:\/\/webdealta.info\/index.php?rest_route=%2Fwp%2Fv2%2Ftags&post=7828"}],"curies":[{"name":"wp","href":"https:\/\/api.w.org\/{rel}","templated":true}]}}