{"id":7824,"date":"2023-10-08T13:29:19","date_gmt":"2023-10-08T17:29:19","guid":{"rendered":"https:\/\/webdealta.info\/?p=7824"},"modified":"2023-10-08T13:29:21","modified_gmt":"2023-10-08T17:29:21","slug":"miguel-aular-asume-coordinacion-del-intt-altagracia","status":"publish","type":"post","link":"https:\/\/webdealta.info\/?p=7824","title":{"rendered":"Miguel Aular asume coordinaci\u00f3n del INTT Altagracia"},"content":{"rendered":"\n<p>Amanda Saldivia.-<\/p>\n\n\n\n<p>El gracitano Miguel \u00c1ngel Aular Essa, licenciado en Comunicaci\u00f3n Social, es el nuevo coordinador de la oficina regional del Instituto de Tr\u00e1nsito Terrestre de Altagracia de Orituco, quien sustituye en el cargo a Pedro Ruiz, funcionario oriundo de Guanare, estado Portuguesa.<\/p>\n\n\n\n<p>La designaci\u00f3n se hizo efectiva el pasado viernes seis de octubre, cuando se procedi\u00f3 con la entrega formal de las responsabilidades de esa dependencia, tras la decisi\u00f3n de cambio de coordinador tomada por el G\/D Gabriel Aguana, presidente del INTT.<\/p>\n\n\n\n<p>En declaraciones ofrecidas a la Web de Altagracia, Miguel Aular dio gracias a Dios y a la instituci\u00f3n por la oportunidad, as\u00ed como tambi\u00e9n se\u00f1al\u00f3 que espera \u201cllenar las expectativas de la nueva administraci\u00f3n institucional, cuyo norte es resaltar al INTT m\u00e1s all\u00e1 de la expedici\u00f3n de tr\u00e1mites y licencias, sino como un \u00f3rgano regulador del Tr\u00e1nsito y trabajar el pro del bienestar de los usuarios\u00bb. Este joven gracitano, de 29 a\u00f1os de edad, es tambi\u00e9n coordinador parroquial de San Jos\u00e9 Obrero.<\/p>\n\n\n\n<p>Por su parte, Pedro Ruiz agradeci\u00f3 a este medio digital el apoyo en la difusi\u00f3n de las actividades del INTT, durante los meses que estuvo en Altagracia de Orituco.<\/p>\n\n\n\n<p>@amandasaldivia  <\/p>\n\n\n\n<p><\/p>\n","protected":false},"excerpt":{"rendered":"<p>Amanda Saldivia.- El gracitano Miguel \u00c1ngel Aular Essa, licenciado en Comunicaci\u00f3n Social, es el nuevo coordinador de la oficina regional del Instituto de Tr\u00e1nsito Terrestre de Altagracia de Orituco, quien sustituye en el cargo a Pedro Ruiz, funcionario oriundo de Guanare, estado Portuguesa. La designaci\u00f3n se hizo efectiva el pasado<\/p>\n","protected":false},"author":2,"featured_media":7825,"comment_status":"open","ping_status":"open","sticky":false,"template":"","format":"standard","meta":{"advanced_seo_description":"","jetpack_seo_html_title":"","jetpack_seo_noindex":false,"_jetpack_memberships_contains_paid_content":false,"footnotes":"","jetpack_publicize_message":"","jetpack_publicize_feature_enabled":true,"jetpack_social_post_already_shared":true,"jetpack_social_options":{"image_generator_settings":{"template":"highway","enabled":false},"version":2}},"categories":[335,251],"tags":[8,7,32],"class_list":["post-7824","post","type-post","status-publish","format-standard","has-post-thumbnail","hentry","category-locales","category-webdealta","tag-altagraciadeorituco","tag-guarico","tag-webdealta",""],"jetpack_publicize_connections":[],"jetpack_featured_media_url":"https:\/\/webdealta.info\/wp-content\/uploads\/2023\/10\/jefe-intt-altagracia-webdealta.jpg","jetpack_sharing_enabled":true,"jetpack_likes_enabled":true,"jetpack-related-posts":[],"jetpack_shortlink":"https:\/\/wp.me\/pcseDn-22c","_links":{"self":[{"href":"https:\/\/webdealta.info\/index.php?rest_route=\/wp\/v2\/posts\/7824","targetHints":{"allow":["GET"]}}],"collection":[{"href":"https:\/\/webdealta.info\/index.php?rest_route=\/wp\/v2\/posts"}],"about":[{"href":"https:\/\/webdealta.info\/index.php?rest_route=\/wp\/v2\/types\/post"}],"author":[{"embeddable":true,"href":"https:\/\/webdealta.info\/index.php?rest_route=\/wp\/v2\/users\/2"}],"replies":[{"embeddable":true,"href":"https:\/\/webdealta.info\/index.php?rest_route=%2Fwp%2Fv2%2Fcomments&post=7824"}],"version-history":[{"count":1,"href":"https:\/\/webdealta.info\/index.php?rest_route=\/wp\/v2\/posts\/7824\/revisions"}],"predecessor-version":[{"id":7826,"href":"https:\/\/webdealta.info\/index.php?rest_route=\/wp\/v2\/posts\/7824\/revisions\/7826"}],"wp:featuredmedia":[{"embeddable":true,"href":"https:\/\/webdealta.info\/index.php?rest_route=\/wp\/v2\/media\/7825"}],"wp:attachment":[{"href":"https:\/\/webdealta.info\/index.php?rest_route=%2Fwp%2Fv2%2Fmedia&parent=7824"}],"wp:term":[{"taxonomy":"category","embeddable":true,"href":"https:\/\/webdealta.info\/index.php?rest_route=%2Fwp%2Fv2%2Fcategories&post=7824"},{"taxonomy":"post_tag","embeddable":true,"href":"https:\/\/webdealta.info\/index.php?rest_route=%2Fwp%2Fv2%2Ftags&post=7824"}],"curies":[{"name":"wp","href":"https:\/\/api.w.org\/{rel}","templated":true}]}}