{"id":7821,"date":"2023-10-08T09:43:34","date_gmt":"2023-10-08T13:43:34","guid":{"rendered":"https:\/\/webdealta.info\/?p=7821"},"modified":"2023-10-08T09:43:36","modified_gmt":"2023-10-08T13:43:36","slug":"el-poder-del-conocimiento-por-que-1869-fue-el-ano-de-la-humareda","status":"publish","type":"post","link":"https:\/\/webdealta.info\/?p=7821","title":{"rendered":"El Poder del Conocimiento: por qu\u00e9 1869 fue el a\u00f1o de la humareda"},"content":{"rendered":"\n<p>Amanda Saldivia.-<\/p>\n\n\n\n<p>En el siglo XIX hubo un a\u00f1o que fue bautizado en Altagracia de Orituco con el nombre de la humareda, producto de la sequ\u00eda que lo caracteriz\u00f3 y un posterior incendio de vegetaci\u00f3n que se gener\u00f3 en las monta\u00f1as aleda\u00f1as a este terru\u00f1o.<\/p>\n\n\n\n<p>El relato est\u00e1 reflejado en el libro Apuntaciones para la historia de Altagracia de Orituco del cronista Adolfo Antonio Machado, quien dej\u00f3 plasmado lo que ocurri\u00f3 en el a\u00f1o 1869, cuando el fuego se extendi\u00f3 por las monta\u00f1as que rodean este valle, porque ah\u00ed se acostumbraba a quemar en las llamadas rozas, que es el nombre que tambi\u00e9n se le da a los conucos.<\/p>\n\n\n\n<p>Resulta que, debido a las escasas precipitaciones en ese per\u00edodo de lluvias de 1869, el fuego se hizo incontrolable y de ah\u00ed el nombre del a\u00f1o de la humareda. Fue tal el impacto ambiental, que el cronista escribi\u00f3 que se produjo una inmensa fogata que trajo una humareda de pocos metros de altura que invadi\u00f3 todos los \u201c\u00e1mbitos de la comarca hasta oscurecer, muchas veces, la claridad del d\u00eda\u201d.<\/p>\n\n\n\n<p>Tambi\u00e9n las consecuencias se vieron reflejadas en las siembras, porque el fuego devast\u00f3 algunas plantaciones de caf\u00e9 y en su totalidad la cosecha de cereales con p\u00e9rdidas incalculables. Eso a pesar del esfuerzo de abrir anchos cortafuegos para evitar el avance de las llamas.<\/p>\n\n\n\n<p>Esa historia, de c\u00f3mo el a\u00f1o 1869 fue bautizado con el nombre de la humareda, debe llamarnos la atenci\u00f3n, porque deja en evidencia el impacto negativo que deja la pr\u00e1ctica de quemar, la cual lamentablemente todav\u00eda se mantiene en el siglo XXI.<\/p>\n\n\n\n<p>Ese fue el tema de la semana en la serie de micros El Poder del Conocimiento, iniciativa de la empresa Promasorca para enriquecer los saberes con historias, curiosidades y an\u00e9cdotas interesantes del Orituco, Venezuela y el mundo. <\/p>\n\n\n\n<p>@amandasaldivia  <\/p>\n\n\n\n<p><\/p>\n","protected":false},"excerpt":{"rendered":"<p>Amanda Saldivia.- En el siglo XIX hubo un a\u00f1o que fue bautizado en Altagracia de Orituco con el nombre de la humareda, producto de la sequ\u00eda que lo caracteriz\u00f3 y un posterior incendio de vegetaci\u00f3n que se gener\u00f3 en las monta\u00f1as aleda\u00f1as a este terru\u00f1o. El relato est\u00e1 reflejado en<\/p>\n","protected":false},"author":2,"featured_media":6511,"comment_status":"open","ping_status":"open","sticky":false,"template":"","format":"standard","meta":{"advanced_seo_description":"","jetpack_seo_html_title":"","jetpack_seo_noindex":false,"_jetpack_memberships_contains_paid_content":false,"footnotes":"","jetpack_publicize_message":"","jetpack_publicize_feature_enabled":true,"jetpack_social_post_already_shared":true,"jetpack_social_options":{"image_generator_settings":{"template":"highway","enabled":false},"version":2}},"categories":[302,251],"tags":[8,7,32],"class_list":["post-7821","post","type-post","status-publish","format-standard","has-post-thumbnail","hentry","category-el-poder-del-conocimiento","category-webdealta","tag-altagraciadeorituco","tag-guarico","tag-webdealta",""],"jetpack_publicize_connections":[],"jetpack_featured_media_url":"https:\/\/webdealta.info\/wp-content\/uploads\/2023\/02\/altagracia-el-poder-del-conocimiento-webdealta.png","jetpack_sharing_enabled":true,"jetpack_likes_enabled":true,"jetpack-related-posts":[],"jetpack_shortlink":"https:\/\/wp.me\/pcseDn-229","_links":{"self":[{"href":"https:\/\/webdealta.info\/index.php?rest_route=\/wp\/v2\/posts\/7821","targetHints":{"allow":["GET"]}}],"collection":[{"href":"https:\/\/webdealta.info\/index.php?rest_route=\/wp\/v2\/posts"}],"about":[{"href":"https:\/\/webdealta.info\/index.php?rest_route=\/wp\/v2\/types\/post"}],"author":[{"embeddable":true,"href":"https:\/\/webdealta.info\/index.php?rest_route=\/wp\/v2\/users\/2"}],"replies":[{"embeddable":true,"href":"https:\/\/webdealta.info\/index.php?rest_route=%2Fwp%2Fv2%2Fcomments&post=7821"}],"version-history":[{"count":1,"href":"https:\/\/webdealta.info\/index.php?rest_route=\/wp\/v2\/posts\/7821\/revisions"}],"predecessor-version":[{"id":7822,"href":"https:\/\/webdealta.info\/index.php?rest_route=\/wp\/v2\/posts\/7821\/revisions\/7822"}],"wp:featuredmedia":[{"embeddable":true,"href":"https:\/\/webdealta.info\/index.php?rest_route=\/wp\/v2\/media\/6511"}],"wp:attachment":[{"href":"https:\/\/webdealta.info\/index.php?rest_route=%2Fwp%2Fv2%2Fmedia&parent=7821"}],"wp:term":[{"taxonomy":"category","embeddable":true,"href":"https:\/\/webdealta.info\/index.php?rest_route=%2Fwp%2Fv2%2Fcategories&post=7821"},{"taxonomy":"post_tag","embeddable":true,"href":"https:\/\/webdealta.info\/index.php?rest_route=%2Fwp%2Fv2%2Ftags&post=7821"}],"curies":[{"name":"wp","href":"https:\/\/api.w.org\/{rel}","templated":true}]}}