{"id":7818,"date":"2023-10-05T20:16:27","date_gmt":"2023-10-06T00:16:27","guid":{"rendered":"https:\/\/webdealta.info\/?p=7818"},"modified":"2023-10-05T20:16:28","modified_gmt":"2023-10-06T00:16:28","slug":"el-poder-del-conocimiento-datos-sobre-la-escultura-de-san-miguel-arcangel","status":"publish","type":"post","link":"https:\/\/webdealta.info\/?p=7818","title":{"rendered":"El Poder del Conocimiento: datos sobre la escultura de San Miguel Arc\u00e1ngel"},"content":{"rendered":"\n<p>Amanda Saldivia.-<\/p>\n\n\n\n<p>Hay libros que son referencia a la hora de indagar sobre aspectos resaltantes de los pueblos asentados en lo que hoy se conoce como municipio Jos\u00e9 Tadeo Monagas del estado Gu\u00e1rico. Uno de ellos, es Apuntaciones para la historia de Altagracia de Orituco de Adolfo Antonio Machado.<\/p>\n\n\n\n<p>Este inquieto joven gracitano, apasionado por la historia local, comenz\u00f3 a escribir a la edad de 24 a\u00f1os sobre lo que iba recopilando gracias al testimonio de pobladores de esta tierra y tambi\u00e9n por consulta de antiguos libros gubernamentales y parroquiales.<\/p>\n\n\n\n<p>Entre 1875 y 1899 escribi\u00f3 esas apuntaciones, que d\u00e9cadas m\u00e1s tarde, ser\u00edan publicadas como un tributo a su memoria, por considerar que fue el primer cronista de Altagracia.<\/p>\n\n\n\n<p>Adolfo Antonio Machado dedic\u00f3 unas cuantas p\u00e1ginas a las noticias eclesi\u00e1sticas y en ella hay varios datos de inter\u00e9s relacionados con la escultura tallada en madera del arc\u00e1ngel San Miguel, que est\u00e1 en la iglesia Nuestra Se\u00f1ora de Altagracia.<\/p>\n\n\n\n<p>Aunque no hay precisi\u00f3n de cu\u00e1ndo lleg\u00f3 la imagen a tierra orituque\u00f1a, ni el artista que la tall\u00f3, si refiere el autor que el 30 de septiembre de 1716, se refundi\u00f3 la parroquia Nuestra Se\u00f1ora de Altagracia y la de San Miguel del Rosario.<\/p>\n\n\n\n<p>Esto se hizo, previa solicitud al padre Don Manuel Pinto de Magallanes, ante el excelent\u00edsimo Don Francisco del Rinc\u00f3n, Obispo de Caracas, y con la autorizaci\u00f3n del capit\u00e1n general Sargento Mayor Alberto de Bertodano.<\/p>\n\n\n\n<p>Dato interesante, de como hace m\u00e1s de 300 a\u00f1os se produjo la fusi\u00f3n de ambas parroquias, con el argumento de que, en San Miguel del Rosario, pueblo ubicado a la margen derecha del r\u00edo Orituco, a orillas de la quebrada Tinapui, a tres kil\u00f3metros de Altagracia, solo quedaban 18 feligreses.<\/p>\n\n\n\n<p>Adolfo Antonio Machado escribi\u00f3: \u201cDe all\u00e1 vino la efigie de San Miguel Arc\u00e1ngel, que como patr\u00f3n de la parroquia se venera en esta Santa Iglesia\u201d.<\/p>\n\n\n\n<p>Otro aspecto resaltante, que dej\u00f3 este gracitano ilustre en las apuntaciones, quien a finales del siglo 19 ya mencionaba a San Miguel como patr\u00f3n de este pueblo y no a Nuestra Se\u00f1ora de Altagracia.<\/p>\n\n\n\n<p>En cuanto a la escultura de San Miguel Arc\u00e1ngel, el padre Mej\u00edas, en la obra 300 a\u00f1os de la historia de un pueblo, la describe como imagen \u201cestilo barroco, que se halla en perfecto estado y solo le falta la balanza de plata que ten\u00eda en una de sus manos\u201d.<\/p>\n\n\n\n<p>Esta valios\u00edsima escultura simboliza a San Miguel, el Pr\u00edncipe de las Milicias Celestiales, quien venci\u00f3 al demonio, tras librar una batalla en defensa de Dios.<\/p>\n\n\n\n<p>Ese fue en tema de la semana en la serie de micros El Poder del Conocimiento que se transmite en el programa Tiempo de Cambios por Activa 104.9 FM, iniciativa de la empresa Promasorca de Altagracia de Orituco.  <\/p>\n\n\n\n<p>@amandasaldivia<\/p>\n\n\n\n<p><\/p>\n","protected":false},"excerpt":{"rendered":"<p>Amanda Saldivia.- Hay libros que son referencia a la hora de indagar sobre aspectos resaltantes de los pueblos asentados en lo que hoy se conoce como municipio Jos\u00e9 Tadeo Monagas del estado Gu\u00e1rico. Uno de ellos, es Apuntaciones para la historia de Altagracia de Orituco de Adolfo Antonio Machado. Este<\/p>\n","protected":false},"author":2,"featured_media":7781,"comment_status":"open","ping_status":"open","sticky":false,"template":"","format":"standard","meta":{"advanced_seo_description":"","jetpack_seo_html_title":"","jetpack_seo_noindex":false,"_jetpack_memberships_contains_paid_content":false,"footnotes":"","jetpack_publicize_message":"","jetpack_publicize_feature_enabled":true,"jetpack_social_post_already_shared":true,"jetpack_social_options":{"image_generator_settings":{"template":"highway","enabled":false},"version":2}},"categories":[302],"tags":[8,7,32],"class_list":["post-7818","post","type-post","status-publish","format-standard","has-post-thumbnail","hentry","category-el-poder-del-conocimiento","tag-altagraciadeorituco","tag-guarico","tag-webdealta",""],"jetpack_publicize_connections":[],"jetpack_featured_media_url":"https:\/\/webdealta.info\/wp-content\/uploads\/2023\/09\/san-miguel-2023-webdealta.png","jetpack_sharing_enabled":true,"jetpack_likes_enabled":true,"jetpack-related-posts":[],"jetpack_shortlink":"https:\/\/wp.me\/pcseDn-226","_links":{"self":[{"href":"https:\/\/webdealta.info\/index.php?rest_route=\/wp\/v2\/posts\/7818","targetHints":{"allow":["GET"]}}],"collection":[{"href":"https:\/\/webdealta.info\/index.php?rest_route=\/wp\/v2\/posts"}],"about":[{"href":"https:\/\/webdealta.info\/index.php?rest_route=\/wp\/v2\/types\/post"}],"author":[{"embeddable":true,"href":"https:\/\/webdealta.info\/index.php?rest_route=\/wp\/v2\/users\/2"}],"replies":[{"embeddable":true,"href":"https:\/\/webdealta.info\/index.php?rest_route=%2Fwp%2Fv2%2Fcomments&post=7818"}],"version-history":[{"count":1,"href":"https:\/\/webdealta.info\/index.php?rest_route=\/wp\/v2\/posts\/7818\/revisions"}],"predecessor-version":[{"id":7819,"href":"https:\/\/webdealta.info\/index.php?rest_route=\/wp\/v2\/posts\/7818\/revisions\/7819"}],"wp:featuredmedia":[{"embeddable":true,"href":"https:\/\/webdealta.info\/index.php?rest_route=\/wp\/v2\/media\/7781"}],"wp:attachment":[{"href":"https:\/\/webdealta.info\/index.php?rest_route=%2Fwp%2Fv2%2Fmedia&parent=7818"}],"wp:term":[{"taxonomy":"category","embeddable":true,"href":"https:\/\/webdealta.info\/index.php?rest_route=%2Fwp%2Fv2%2Fcategories&post=7818"},{"taxonomy":"post_tag","embeddable":true,"href":"https:\/\/webdealta.info\/index.php?rest_route=%2Fwp%2Fv2%2Ftags&post=7818"}],"curies":[{"name":"wp","href":"https:\/\/api.w.org\/{rel}","templated":true}]}}