{"id":7810,"date":"2023-10-04T20:16:00","date_gmt":"2023-10-05T00:16:00","guid":{"rendered":"https:\/\/webdealta.info\/?p=7810"},"modified":"2023-10-04T20:16:02","modified_gmt":"2023-10-05T00:16:02","slug":"en-guarico-mas-de-175-mil-estudiantes-regresaron-a-clases","status":"publish","type":"post","link":"https:\/\/webdealta.info\/?p=7810","title":{"rendered":"En Gu\u00e1rico m\u00e1s de 175 mil estudiantes regresaron a clases"},"content":{"rendered":"\n<p>El gobernador Jos\u00e9 V\u00e1squez calific\u00f3 de exitoso el inicio del ciclo escolar 2023-2024 en el estado Gu\u00e1rico, con la asistencia de m\u00e1s de 175 mil estudiantes distribuidos entre los 1.023 planteles de esta entidad llanera.<\/p>\n\n\n\n<p>En el balance ofrecido, destac\u00f3 que actualmente 39 colegios se han incorporado en un plan de rehabilitaci\u00f3n integral completa, mientras otros centros educativos han recibido trabajos de mantenimiento menores.<\/p>\n\n\n\n<p>Asimismo, inform\u00f3 que se est\u00e1 llevando a cabo un proceso de dotaci\u00f3n de equipamiento, \u00fatiles escolares y uniformidad en cada una de las instituciones, y un Plan Especial de Seguridad para la protecci\u00f3n de los ni\u00f1os y ni\u00f1as; adem\u00e1s de una campa\u00f1a para el respeto de la se\u00f1alizaci\u00f3n, especialmente en las horas del d\u00eda que cuentan con m\u00e1s afluencia de estudiantes en las calles.<\/p>\n\n\n\n<p>\u201cEn los pr\u00f3ximos d\u00edas vamos a inaugurar colegios nuevos y a seguir rehabilitando grandes instituciones\u201d, concluy\u00f3 V\u00e1squez.<\/p>\n\n\n\n<p>Del mismo modo, la autoridad \u00fanica en Educaci\u00f3n del estado Gu\u00e1rico, El\u00edas Zurita, inform\u00f3 que durante el inicio del ciclo escolar se dio una manifestaci\u00f3n multitudinaria de asistencia de cada uno de los ni\u00f1os y ni\u00f1as que forman parte del colectivo educativo de la regi\u00f3n, destacando que en el municipio Juan Germ\u00e1n Roscio, m\u00e1s de 27.000 estudiantes de las 127 instituciones educativas regresaron a clases.<\/p>\n\n\n\n<p>\u201cEn Gu\u00e1rico se han venido incorporando nuevos elementos en este proceso educativo, como lo es la ciencia, la tecnolog\u00eda y la educaci\u00f3n productiva\u201d, manifest\u00f3 Zurita, haciendo \u00e9nfasis en que a trav\u00e9s de estas t\u00e9cnicas se pretende seguir impulsando el sector productivo en el estado.&nbsp;<\/p>\n\n\n\n<p>De igual forma, el G\/D Luis Adolfo Rosales Molina, comandante de la Zona Operativa de Defensa Integral (ZODI) Gu\u00e1rico, coment\u00f3 que se est\u00e1 reafirmando el compromiso de la Fuerza Armada Nacional Bolivariana y del Sistema Defensivo Territorial, aprovechando su despliegue para la intervenci\u00f3n de las 1.023 escuelas que hay en la regi\u00f3n llanera.<\/p>\n\n\n\n<p>\u201cNo solo es el compromiso nuestro, es el compromiso mancomunado de todas las autoridades educativas, de la comunidad y de los profesores, para alcanzar la m\u00e1xima felicidad de nuestros ni\u00f1os\u201d, puntualiz\u00f3 Rosales.<\/p>\n\n\n\n<p><strong>Rehabilitaci\u00f3n integral en el Centro Educativo Inmaculada Concepci\u00f3n<\/strong><\/p>\n\n\n\n<p>En este sentido, fue llevada a cabo la entrega de los trabajos de rehabilitaci\u00f3n ejecutados por las cuadrillas de las Bricomiles en conjunto con la comunidad organizada, en el Centro Educativo Inmaculada Concepci\u00f3n, ubicado en el sector Las Minas, de San Juan de los Morros, perteneciente al municipio Juan Germ\u00e1n Roscio, beneficiando a 397 estudiantes que hacen vida en las 7 comunidades del punto y c\u00edrculo.<\/p>\n\n\n\n<p>Los trabajos realizados en este centro educativo, incluyeron la pintura, electrificaci\u00f3n y la rehabilitaci\u00f3n de los ba\u00f1os y el comedor, para el beneficio de los estudiantes de la instituci\u00f3n, quienes adem\u00e1s, recibieron uniformes, textos y kits escolares, que les permitir\u00e1n asistir a clases y expandir sus conocimientos de forma totalmente digna.<\/p>\n\n\n\n<p>Adem\u00e1s, durante la actividad, el equipo del \u00c1rea de Salud Integral Comunitaria (ASIC) Dr. Ernesto Che Guevara, realiz\u00f3 una jornada de salud preventiva, donde se ofrecieron servicios de vacunaci\u00f3n, medici\u00f3n, nutrici\u00f3n y entrega de medicamentos a los habitantes ni\u00f1os y ni\u00f1as que hacen vida en el colegio.<\/p>\n\n\n\n<p>Cabe destacar, que a trav\u00e9s de las Bricomiles en el estado Gu\u00e1rico, se han atendido un total de 233 instituciones educativas, y en la tercera fase fueron rehabilitados 39 centros de ense\u00f1anza, lo que se convierte en una prueba fehaciente del compromiso del Gobierno Bolivariano con garantizar espacios de calidad, para la formaci\u00f3n de los futuros hombres y mujeres de la regi\u00f3n.  <\/p>\n\n\n\n<p>Sibci Gu\u00e1rico<\/p>\n\n\n\n<p><\/p>\n","protected":false},"excerpt":{"rendered":"<p>El gobernador Jos\u00e9 V\u00e1squez calific\u00f3 de exitoso el inicio del ciclo escolar 2023-2024 en el estado Gu\u00e1rico, con la asistencia de m\u00e1s de 175 mil estudiantes distribuidos entre los 1.023 planteles de esta entidad llanera. En el balance ofrecido, destac\u00f3 que actualmente 39 colegios se han incorporado en un plan<\/p>\n","protected":false},"author":2,"featured_media":7811,"comment_status":"open","ping_status":"open","sticky":false,"template":"","format":"standard","meta":{"advanced_seo_description":"","jetpack_seo_html_title":"","jetpack_seo_noindex":false,"_jetpack_memberships_contains_paid_content":false,"footnotes":"","jetpack_publicize_message":"","jetpack_publicize_feature_enabled":true,"jetpack_social_post_already_shared":true,"jetpack_social_options":{"image_generator_settings":{"template":"highway","enabled":false},"version":2}},"categories":[151,251],"tags":[8,7,32],"class_list":["post-7810","post","type-post","status-publish","format-standard","has-post-thumbnail","hentry","category-educacion","category-webdealta","tag-altagraciadeorituco","tag-guarico","tag-webdealta",""],"jetpack_publicize_connections":[],"jetpack_featured_media_url":"https:\/\/webdealta.info\/wp-content\/uploads\/2023\/10\/webdealta-escuelas-2023.png","jetpack_sharing_enabled":true,"jetpack_likes_enabled":true,"jetpack-related-posts":[],"jetpack_shortlink":"https:\/\/wp.me\/pcseDn-21Y","_links":{"self":[{"href":"https:\/\/webdealta.info\/index.php?rest_route=\/wp\/v2\/posts\/7810","targetHints":{"allow":["GET"]}}],"collection":[{"href":"https:\/\/webdealta.info\/index.php?rest_route=\/wp\/v2\/posts"}],"about":[{"href":"https:\/\/webdealta.info\/index.php?rest_route=\/wp\/v2\/types\/post"}],"author":[{"embeddable":true,"href":"https:\/\/webdealta.info\/index.php?rest_route=\/wp\/v2\/users\/2"}],"replies":[{"embeddable":true,"href":"https:\/\/webdealta.info\/index.php?rest_route=%2Fwp%2Fv2%2Fcomments&post=7810"}],"version-history":[{"count":1,"href":"https:\/\/webdealta.info\/index.php?rest_route=\/wp\/v2\/posts\/7810\/revisions"}],"predecessor-version":[{"id":7812,"href":"https:\/\/webdealta.info\/index.php?rest_route=\/wp\/v2\/posts\/7810\/revisions\/7812"}],"wp:featuredmedia":[{"embeddable":true,"href":"https:\/\/webdealta.info\/index.php?rest_route=\/wp\/v2\/media\/7811"}],"wp:attachment":[{"href":"https:\/\/webdealta.info\/index.php?rest_route=%2Fwp%2Fv2%2Fmedia&parent=7810"}],"wp:term":[{"taxonomy":"category","embeddable":true,"href":"https:\/\/webdealta.info\/index.php?rest_route=%2Fwp%2Fv2%2Fcategories&post=7810"},{"taxonomy":"post_tag","embeddable":true,"href":"https:\/\/webdealta.info\/index.php?rest_route=%2Fwp%2Fv2%2Ftags&post=7810"}],"curies":[{"name":"wp","href":"https:\/\/api.w.org\/{rel}","templated":true}]}}