{"id":781,"date":"2020-11-18T22:13:57","date_gmt":"2020-11-19T02:13:57","guid":{"rendered":"https:\/\/webdealta.info\/?p=781"},"modified":"2020-11-18T22:14:13","modified_gmt":"2020-11-19T02:14:13","slug":"covid-19-sigue-en-altagracia","status":"publish","type":"post","link":"https:\/\/webdealta.info\/?p=781","title":{"rendered":"Covid 19 sigue en Altagracia"},"content":{"rendered":"\n<h4 class=\"wp-block-heading\">Aunque las cifras se redujeron dr\u00e1sticamente, todav\u00eda el virus circula<\/h4>\n\n\n\n<p>Amanda Saldivia<\/p>\n\n\n\n<p>El virus covid 19 sigue circulando en Altagracia con una reducci\u00f3n dr\u00e1stica en el n\u00famero de casos sospechosos, pero con registros semanales de personas que consultan a m\u00e9dicos en centros p\u00fablicos y privados por presentar s\u00edntomas, entre ellos dolor de cabeza, fiebre, p\u00e9rdida de olfato y gusto, diarrea, adem\u00e1s de dificultad para respirar.<\/p>\n\n\n\n<p>Hasta el momento, el municipio Monagas contabiliza 53 contagios confirmados por medio de prueba PCR, han fallecido 36 personas por afecciones respiratorias asociadas al covid 19, un solo deceso oficial, 60 pacientes recuperados y al menos 150 casos sospechosos con registro en el sistema de salud.<\/p>\n\n\n\n<p>Existe preocupaci\u00f3n por un posible rebrote, como ha ocurrido en otros pa\u00edses que han flexibilizado la prevenci\u00f3n, entre ellos Espa\u00f1a e Italia. No obstante, cada d\u00eda son menos las medidas de bioseguridad que se adoptan, el distanciamiento social pr\u00e1cticamente no existe y el \u00fanico h\u00e1bito que se mantiene es el horario de compras hasta las 12 del mediod\u00eda.<\/p>\n\n\n\n<p>@amandasaldivia<\/p>\n\n\n\n<p><\/p>\n","protected":false},"excerpt":{"rendered":"<p>Aunque las cifras se redujeron dr\u00e1sticamente, todav\u00eda el virus circula Amanda Saldivia El virus covid 19 sigue circulando en Altagracia con una reducci\u00f3n dr\u00e1stica en el n\u00famero de casos sospechosos, pero con registros semanales de personas que consultan a m\u00e9dicos en centros p\u00fablicos y privados por presentar s\u00edntomas, entre ellos<\/p>\n","protected":false},"author":2,"featured_media":0,"comment_status":"open","ping_status":"open","sticky":false,"template":"","format":"standard","meta":{"advanced_seo_description":"","jetpack_seo_html_title":"","jetpack_seo_noindex":false,"_jetpack_memberships_contains_paid_content":false,"footnotes":"","jetpack_publicize_message":"","jetpack_publicize_feature_enabled":true,"jetpack_social_post_already_shared":true,"jetpack_social_options":{"image_generator_settings":{"template":"highway","enabled":false},"version":2}},"categories":[12],"tags":[24,11,64],"class_list":["post-781","post","type-post","status-publish","format-standard","hentry","category-salud","tag-altagracia","tag-covid19","tag-salud",""],"jetpack_publicize_connections":[],"jetpack_featured_media_url":"","jetpack_sharing_enabled":true,"jetpack_likes_enabled":true,"jetpack-related-posts":[],"jetpack_shortlink":"https:\/\/wp.me\/pcseDn-cB","_links":{"self":[{"href":"https:\/\/webdealta.info\/index.php?rest_route=\/wp\/v2\/posts\/781","targetHints":{"allow":["GET"]}}],"collection":[{"href":"https:\/\/webdealta.info\/index.php?rest_route=\/wp\/v2\/posts"}],"about":[{"href":"https:\/\/webdealta.info\/index.php?rest_route=\/wp\/v2\/types\/post"}],"author":[{"embeddable":true,"href":"https:\/\/webdealta.info\/index.php?rest_route=\/wp\/v2\/users\/2"}],"replies":[{"embeddable":true,"href":"https:\/\/webdealta.info\/index.php?rest_route=%2Fwp%2Fv2%2Fcomments&post=781"}],"version-history":[{"count":1,"href":"https:\/\/webdealta.info\/index.php?rest_route=\/wp\/v2\/posts\/781\/revisions"}],"predecessor-version":[{"id":783,"href":"https:\/\/webdealta.info\/index.php?rest_route=\/wp\/v2\/posts\/781\/revisions\/783"}],"wp:attachment":[{"href":"https:\/\/webdealta.info\/index.php?rest_route=%2Fwp%2Fv2%2Fmedia&parent=781"}],"wp:term":[{"taxonomy":"category","embeddable":true,"href":"https:\/\/webdealta.info\/index.php?rest_route=%2Fwp%2Fv2%2Fcategories&post=781"},{"taxonomy":"post_tag","embeddable":true,"href":"https:\/\/webdealta.info\/index.php?rest_route=%2Fwp%2Fv2%2Ftags&post=781"}],"curies":[{"name":"wp","href":"https:\/\/api.w.org\/{rel}","templated":true}]}}