{"id":7796,"date":"2023-10-03T22:06:13","date_gmt":"2023-10-04T02:06:13","guid":{"rendered":"https:\/\/webdealta.info\/?p=7796"},"modified":"2023-10-03T22:06:23","modified_gmt":"2023-10-04T02:06:23","slug":"altagracia-capacitados-miembros-de-mesa-de-eleccion-primaria","status":"publish","type":"post","link":"https:\/\/webdealta.info\/?p=7796","title":{"rendered":"Altagracia: capacitados miembros de mesa de elecci\u00f3n Primaria"},"content":{"rendered":"\n<p>Amanda Saldivia.-<\/p>\n\n\n\n<p>En Altagracia de Orituco se llev\u00f3 adelante el proceso de capacitaci\u00f3n de los miembros de mesa que estar\u00e1n al frente de la elecci\u00f3n primaria, prevista para el venidero 22 de octubre, a los fines de escoger qui\u00e9n ser\u00e1 el abanderado de la oposici\u00f3n.<\/p>\n\n\n\n<p>Bagmel Mart\u00ednez, miembros de la comisi\u00f3n t\u00e9cnica electoral de Primaria del estado Gu\u00e1rico, fue uno de los encargados de la inducci\u00f3n dada este martes tres de octubre, a los ciudadanos que conformar\u00e1n las nueve mesas que se instalar\u00e1n en el municipio Monagas.<\/p>\n\n\n\n<p>\u201cHoy estamos dando capacitaci\u00f3n a cinco municipios de Gu\u00e1rico y as\u00ed en todo el territorio nacional\u201d, expres\u00f3 Mart\u00ednez en declaraciones ofrecidas para el espacio Tiempo de Cambios que se transmite por la emisora Activa 104.9 Fm de Altagracia de Orituco.<\/p>\n\n\n\n<p>Por su parte, Eduardo Adames, presidente de la Comisi\u00f3n Municipal de Primaria, celebr\u00f3 que se haya dado la formaci\u00f3n a los miembros de mesa y calific\u00f3 de exitosa la jornada que agrup\u00f3 a todas las organizaciones pol\u00edticas en armon\u00eda, para viabilizar el proceso de escogencia entre 13 candidatos.<\/p>\n\n\n\n<p>@amandasaldivia  <\/p>\n\n\n\n<p><\/p>\n","protected":false},"excerpt":{"rendered":"<p>Amanda Saldivia.- En Altagracia de Orituco se llev\u00f3 adelante el proceso de capacitaci\u00f3n de los miembros de mesa que estar\u00e1n al frente de la elecci\u00f3n primaria, prevista para el venidero 22 de octubre, a los fines de escoger qui\u00e9n ser\u00e1 el abanderado de la oposici\u00f3n. Bagmel Mart\u00ednez, miembros de la<\/p>\n","protected":false},"author":2,"featured_media":7797,"comment_status":"open","ping_status":"open","sticky":false,"template":"","format":"standard","meta":{"advanced_seo_description":"","jetpack_seo_html_title":"","jetpack_seo_noindex":false,"_jetpack_memberships_contains_paid_content":false,"footnotes":"","jetpack_publicize_message":"","jetpack_publicize_feature_enabled":true,"jetpack_social_post_already_shared":true,"jetpack_social_options":{"image_generator_settings":{"template":"highway","enabled":false},"version":2}},"categories":[142,251],"tags":[8,7,32],"class_list":["post-7796","post","type-post","status-publish","format-standard","has-post-thumbnail","hentry","category-politica","category-webdealta","tag-altagraciadeorituco","tag-guarico","tag-webdealta",""],"jetpack_publicize_connections":[],"jetpack_featured_media_url":"https:\/\/webdealta.info\/wp-content\/uploads\/2023\/10\/primaria-2023-webdealta-formacion.png","jetpack_sharing_enabled":true,"jetpack_likes_enabled":true,"jetpack-related-posts":[],"jetpack_shortlink":"https:\/\/wp.me\/pcseDn-21K","_links":{"self":[{"href":"https:\/\/webdealta.info\/index.php?rest_route=\/wp\/v2\/posts\/7796","targetHints":{"allow":["GET"]}}],"collection":[{"href":"https:\/\/webdealta.info\/index.php?rest_route=\/wp\/v2\/posts"}],"about":[{"href":"https:\/\/webdealta.info\/index.php?rest_route=\/wp\/v2\/types\/post"}],"author":[{"embeddable":true,"href":"https:\/\/webdealta.info\/index.php?rest_route=\/wp\/v2\/users\/2"}],"replies":[{"embeddable":true,"href":"https:\/\/webdealta.info\/index.php?rest_route=%2Fwp%2Fv2%2Fcomments&post=7796"}],"version-history":[{"count":1,"href":"https:\/\/webdealta.info\/index.php?rest_route=\/wp\/v2\/posts\/7796\/revisions"}],"predecessor-version":[{"id":7798,"href":"https:\/\/webdealta.info\/index.php?rest_route=\/wp\/v2\/posts\/7796\/revisions\/7798"}],"wp:featuredmedia":[{"embeddable":true,"href":"https:\/\/webdealta.info\/index.php?rest_route=\/wp\/v2\/media\/7797"}],"wp:attachment":[{"href":"https:\/\/webdealta.info\/index.php?rest_route=%2Fwp%2Fv2%2Fmedia&parent=7796"}],"wp:term":[{"taxonomy":"category","embeddable":true,"href":"https:\/\/webdealta.info\/index.php?rest_route=%2Fwp%2Fv2%2Fcategories&post=7796"},{"taxonomy":"post_tag","embeddable":true,"href":"https:\/\/webdealta.info\/index.php?rest_route=%2Fwp%2Fv2%2Ftags&post=7796"}],"curies":[{"name":"wp","href":"https:\/\/api.w.org\/{rel}","templated":true}]}}