{"id":7784,"date":"2023-09-28T21:42:27","date_gmt":"2023-09-29T01:42:27","guid":{"rendered":"https:\/\/webdealta.info\/?p=7784"},"modified":"2023-09-28T21:42:28","modified_gmt":"2023-09-29T01:42:28","slug":"inicio-plan-de-bacheo-en-altagracia-de-orituco","status":"publish","type":"post","link":"https:\/\/webdealta.info\/?p=7784","title":{"rendered":"Inici\u00f3 plan de bacheo en Altagracia de Orituco"},"content":{"rendered":"\n<p>Amanda Saldivia.-<\/p>\n\n\n\n<p>Este jueves 28 de septiembre, en la v\u00edspera del D\u00eda de San Miguel Arc\u00e1ngel, inici\u00f3 el plan de bacheo en Altagracia de Orituco, el cual incluir\u00e1 las calles Hurtado Ascanio, Ilustres Pr\u00f3ceres, la principal del Tricentenario, Pell\u00f3n y Palacios, Bol\u00edvar y avenida Sojo Rojas, de acuerdo a las declaraciones ofrecidas por el alcalde Pedro Sol\u00f3rzano.<\/p>\n\n\n\n<p>En ellas precis\u00f3 que, junto a ese plan de bacheo, cuyas toneladas definitivas las anunciar\u00e1 este viernes el gobernador Jos\u00e9 V\u00e1squez, est\u00e1 incluida la puesta en servicio de los sem\u00e1foros y la instalaci\u00f3n de luminarias.<\/p>\n\n\n\n<p>\u201cHoy llegaron 30 toneladas de asfalto, estamos aqu\u00ed en la avenida Hurtado Ascanio, esto forma parte de un plan de embellecimiento, un plan estrat\u00e9gico que tenemos desde el gobierno regional, el gobierno municipal, bueno todo el gobierno, nuestro presidente Maduro, nuestro gobernador Jos\u00e9 V\u00e1squez\u201d, especific\u00f3 el alcalde Pedro Sol\u00f3rzano.<\/p>\n\n\n\n<p>En las declaraciones ofrecidas a la Web de Altagracia, se\u00f1al\u00f3 que no solo se trata de bacheo de las calles, sino tambi\u00e9n de mejoras en los servicios p\u00fablicos y dej\u00f3 entrever que habr\u00e1 anuncios importantes durante el desarrollo del programa En Directo con el gobernador, el cual se transmitir\u00e1 este viernes 29 de septiembre desde la calle Ilustres Pr\u00f3ceres de esta localidad.<\/p>\n\n\n\n<p>@amandasaldivia  <\/p>\n\n\n\n<p><\/p>\n","protected":false},"excerpt":{"rendered":"<p>Amanda Saldivia.- Este jueves 28 de septiembre, en la v\u00edspera del D\u00eda de San Miguel Arc\u00e1ngel, inici\u00f3 el plan de bacheo en Altagracia de Orituco, el cual incluir\u00e1 las calles Hurtado Ascanio, Ilustres Pr\u00f3ceres, la principal del Tricentenario, Pell\u00f3n y Palacios, Bol\u00edvar y avenida Sojo Rojas, de acuerdo a las<\/p>\n","protected":false},"author":2,"featured_media":7785,"comment_status":"open","ping_status":"open","sticky":false,"template":"","format":"standard","meta":{"advanced_seo_description":"","jetpack_seo_html_title":"","jetpack_seo_noindex":false,"_jetpack_memberships_contains_paid_content":false,"footnotes":"","jetpack_publicize_message":"","jetpack_publicize_feature_enabled":true,"jetpack_social_post_already_shared":true,"jetpack_social_options":{"image_generator_settings":{"template":"highway","enabled":false},"version":2}},"categories":[335,251],"tags":[8,7,32],"class_list":["post-7784","post","type-post","status-publish","format-standard","has-post-thumbnail","hentry","category-locales","category-webdealta","tag-altagraciadeorituco","tag-guarico","tag-webdealta",""],"jetpack_publicize_connections":[],"jetpack_featured_media_url":"https:\/\/webdealta.info\/wp-content\/uploads\/2023\/09\/bachoe-alcalde-webdealta.png","jetpack_sharing_enabled":true,"jetpack_likes_enabled":true,"jetpack-related-posts":[],"jetpack_shortlink":"https:\/\/wp.me\/pcseDn-21y","_links":{"self":[{"href":"https:\/\/webdealta.info\/index.php?rest_route=\/wp\/v2\/posts\/7784","targetHints":{"allow":["GET"]}}],"collection":[{"href":"https:\/\/webdealta.info\/index.php?rest_route=\/wp\/v2\/posts"}],"about":[{"href":"https:\/\/webdealta.info\/index.php?rest_route=\/wp\/v2\/types\/post"}],"author":[{"embeddable":true,"href":"https:\/\/webdealta.info\/index.php?rest_route=\/wp\/v2\/users\/2"}],"replies":[{"embeddable":true,"href":"https:\/\/webdealta.info\/index.php?rest_route=%2Fwp%2Fv2%2Fcomments&post=7784"}],"version-history":[{"count":1,"href":"https:\/\/webdealta.info\/index.php?rest_route=\/wp\/v2\/posts\/7784\/revisions"}],"predecessor-version":[{"id":7786,"href":"https:\/\/webdealta.info\/index.php?rest_route=\/wp\/v2\/posts\/7784\/revisions\/7786"}],"wp:featuredmedia":[{"embeddable":true,"href":"https:\/\/webdealta.info\/index.php?rest_route=\/wp\/v2\/media\/7785"}],"wp:attachment":[{"href":"https:\/\/webdealta.info\/index.php?rest_route=%2Fwp%2Fv2%2Fmedia&parent=7784"}],"wp:term":[{"taxonomy":"category","embeddable":true,"href":"https:\/\/webdealta.info\/index.php?rest_route=%2Fwp%2Fv2%2Fcategories&post=7784"},{"taxonomy":"post_tag","embeddable":true,"href":"https:\/\/webdealta.info\/index.php?rest_route=%2Fwp%2Fv2%2Ftags&post=7784"}],"curies":[{"name":"wp","href":"https:\/\/api.w.org\/{rel}","templated":true}]}}