{"id":7780,"date":"2023-09-28T20:51:54","date_gmt":"2023-09-29T00:51:54","guid":{"rendered":"https:\/\/webdealta.info\/?p=7780"},"modified":"2023-09-28T20:52:02","modified_gmt":"2023-09-29T00:52:02","slug":"altagracia-de-jubilo-por-dia-de-san-miguel-arcangel","status":"publish","type":"post","link":"https:\/\/webdealta.info\/?p=7780","title":{"rendered":"Altagracia de j\u00fabilo por D\u00eda de San Miguel Arc\u00e1ngel"},"content":{"rendered":"\n<p>Amanda Saldivia.-<\/p>\n\n\n\n<p>Con el paseo c\u00edvico, a las 5:00 am de este 29 de septiembre, comienza la celebraci\u00f3n religiosa m\u00e1s importante del municipio Jos\u00e9 Tadeo Monagas, la cual convoca a los devotos de San Miguel Arc\u00e1ngel, el Capit\u00e1n de los Milicias Celestiales, Santo Patrono de esta regi\u00f3n del estado Gu\u00e1rico.<\/p>\n\n\n\n<p>En la programaci\u00f3n figura que a las 10:00 am ser\u00e1 la solemne eucar\u00edstica oficiada por Monse\u00f1or Ram\u00f3n Jos\u00e9 Aponte, obispo de la Di\u00f3cesis de Valle de la Pascua, acompa\u00f1ado por el padre Cruz Mujica y otros sacerdotes del arciprestazgo.<\/p>\n\n\n\n<p>En la tarde de este 29 de septiembre, se oficiar\u00e1 la segunda eucarist\u00eda a las 5:00 pm y seguidamente la procesi\u00f3n. Entre los datos interesantes sobre esta festividad religiosa est\u00e1 que la primera fiesta patronal en honor a San Miguel Arc\u00e1ngel se celebr\u00f3 en Altagracia de Orituco en el a\u00f1o 1927, fecha en la cual fue estrenado el himno, letra del poeta Jos\u00e9 Antonio Hurtado Ascanio y m\u00fasica del maestro Jos\u00e9 Calixto Mor\u00edn.<\/p>\n\n\n\n<p>A continuaci\u00f3n, el himno a San Miguel:<\/p>\n\n\n\n<p>Coro:<\/p>\n\n\n\n<p>Gloria eterna a la virgen Mar\u00eda<\/p>\n\n\n\n<p>y al Arc\u00e1ngel feliz San Miguel,<\/p>\n\n\n\n<p>que vencieron con noble porf\u00eda<\/p>\n\n\n\n<p>la acechanza del fiero Luzbel.<\/p>\n\n\n\n<p>Solo:<\/p>\n\n\n\n<p>Al conjuro ideal de la gracia<\/p>\n\n\n\n<p>que difunde su luz celestial,<\/p>\n\n\n\n<p>jubilosa celebra Altagracia<\/p>\n\n\n\n<p>su primer festival patronal.<\/p>\n\n\n\n<p>San Miguel el celoso guerrero<\/p>\n\n\n\n<p>enfrentado al horrible drag\u00f3n,<\/p>\n\n\n\n<p>ha empe\u00f1ado el combate m\u00e1s fiero<\/p>\n\n\n\n<p>y defiende nuestro coraz\u00f3n.<\/p>\n\n\n\n<p>Y la virgen de Lourdes bendita<\/p>\n\n\n\n<p>que a la margen del Gave surgi\u00f3,<\/p>\n\n\n\n<p>nos envuelve en su gracia infinita<\/p>\n\n\n\n<p>y nos libra del fiero dolor.<\/p>\n\n\n\n<p>Es por eso que nuestra esperanza<\/p>\n\n\n\n<p>tiene un halo de n\u00edtida luz,<\/p>\n\n\n\n<p>\u00bfqui\u00e9n teniendo tan prodiga alianza<\/p>\n\n\n\n<p>no se eleva hasta el c\u00e1ndido azul?<\/p>\n\n\n\n<p>@amandasaldivia  <\/p>\n\n\n\n<p><\/p>\n","protected":false},"excerpt":{"rendered":"<p>Amanda Saldivia.- Con el paseo c\u00edvico, a las 5:00 am de este 29 de septiembre, comienza la celebraci\u00f3n religiosa m\u00e1s importante del municipio Jos\u00e9 Tadeo Monagas, la cual convoca a los devotos de San Miguel Arc\u00e1ngel, el Capit\u00e1n de los Milicias Celestiales, Santo Patrono de esta regi\u00f3n del estado Gu\u00e1rico.<\/p>\n","protected":false},"author":2,"featured_media":7781,"comment_status":"open","ping_status":"open","sticky":false,"template":"","format":"standard","meta":{"advanced_seo_description":"","jetpack_seo_html_title":"","jetpack_seo_noindex":false,"_jetpack_memberships_contains_paid_content":false,"footnotes":"","jetpack_publicize_message":"","jetpack_publicize_feature_enabled":true,"jetpack_social_post_already_shared":true,"jetpack_social_options":{"image_generator_settings":{"template":"highway","enabled":false},"version":2}},"categories":[117,251],"tags":[8,7,32],"class_list":["post-7780","post","type-post","status-publish","format-standard","has-post-thumbnail","hentry","category-celebracion","category-webdealta","tag-altagraciadeorituco","tag-guarico","tag-webdealta",""],"jetpack_publicize_connections":[],"jetpack_featured_media_url":"https:\/\/webdealta.info\/wp-content\/uploads\/2023\/09\/san-miguel-2023-webdealta.png","jetpack_sharing_enabled":true,"jetpack_likes_enabled":true,"jetpack-related-posts":[],"jetpack_shortlink":"https:\/\/wp.me\/pcseDn-21u","_links":{"self":[{"href":"https:\/\/webdealta.info\/index.php?rest_route=\/wp\/v2\/posts\/7780","targetHints":{"allow":["GET"]}}],"collection":[{"href":"https:\/\/webdealta.info\/index.php?rest_route=\/wp\/v2\/posts"}],"about":[{"href":"https:\/\/webdealta.info\/index.php?rest_route=\/wp\/v2\/types\/post"}],"author":[{"embeddable":true,"href":"https:\/\/webdealta.info\/index.php?rest_route=\/wp\/v2\/users\/2"}],"replies":[{"embeddable":true,"href":"https:\/\/webdealta.info\/index.php?rest_route=%2Fwp%2Fv2%2Fcomments&post=7780"}],"version-history":[{"count":1,"href":"https:\/\/webdealta.info\/index.php?rest_route=\/wp\/v2\/posts\/7780\/revisions"}],"predecessor-version":[{"id":7782,"href":"https:\/\/webdealta.info\/index.php?rest_route=\/wp\/v2\/posts\/7780\/revisions\/7782"}],"wp:featuredmedia":[{"embeddable":true,"href":"https:\/\/webdealta.info\/index.php?rest_route=\/wp\/v2\/media\/7781"}],"wp:attachment":[{"href":"https:\/\/webdealta.info\/index.php?rest_route=%2Fwp%2Fv2%2Fmedia&parent=7780"}],"wp:term":[{"taxonomy":"category","embeddable":true,"href":"https:\/\/webdealta.info\/index.php?rest_route=%2Fwp%2Fv2%2Fcategories&post=7780"},{"taxonomy":"post_tag","embeddable":true,"href":"https:\/\/webdealta.info\/index.php?rest_route=%2Fwp%2Fv2%2Ftags&post=7780"}],"curies":[{"name":"wp","href":"https:\/\/api.w.org\/{rel}","templated":true}]}}