{"id":7772,"date":"2023-09-27T20:30:47","date_gmt":"2023-09-28T00:30:47","guid":{"rendered":"https:\/\/webdealta.info\/?p=7772"},"modified":"2023-09-27T20:30:48","modified_gmt":"2023-09-28T00:30:48","slug":"ajustaron-tarifas-de-ruta-a-caracas-y-san-juan-de-los-morros","status":"publish","type":"post","link":"https:\/\/webdealta.info\/?p=7772","title":{"rendered":"Ajustaron tarifas de ruta a Caracas y San Juan de los Morros"},"content":{"rendered":"\n<p>Amanda Saldivia.-<\/p>\n\n\n\n<p>A partir del pr\u00f3ximo viernes, 29 de septiembre, entra en vigencia el ajuste de precios en las rutas interurbanas que prestan las l\u00edneas Hermanos Unidos, Valles del Tuy y Colectivos Altagracia, informaci\u00f3n que suministr\u00f3 Rosa Hern\u00e1ndez, directora de Transporte de la alcald\u00eda del municipio Monagas.<\/p>\n\n\n\n<p>Especific\u00f3 que el pasaje a Caracas ser\u00e1 de 7 d\u00f3lares, mientras que a San Juan de los Morros qued\u00f3 fijado en 6 d\u00f3lares, los cuales deben ser pagado en esa divisa, bol\u00edvares en efectivo o por pago m\u00f3vil, al cambio del d\u00eda.<\/p>\n\n\n\n<p>Por su parte, la asociaci\u00f3n civil de transporte colectivos Altagracia ya dio a conocer el listado en detalles:<\/p>\n\n\n\n<p>Altagracia \u2013 Caracas 7$<\/p>\n\n\n\n<p>Altagracia &#8211; Memo 2$<\/p>\n\n\n\n<p>Altagracia &#8211; Los Conucos 3$<\/p>\n\n\n\n<p>Altagracia \u2013 Taguay 3$<\/p>\n\n\n\n<p>Altagracia \u2013 Suare\u00f1a 3$<\/p>\n\n\n\n<p>Altagracia &#8211; Sat\u00e9lite 3$<\/p>\n\n\n\n<p>Altagracia \u2013 San Casimiro 4$<\/p>\n\n\n\n<p>Altagracia \u2013 Cua \u2013 Charavalle 7$<\/p>\n\n\n\n<p>Tambi\u00e9n especific\u00f3:<\/p>\n\n\n\n<p>Caracas \u2013 San Casimiro 4$<\/p>\n\n\n\n<p>Caracas \u2013 Sat\u00e9lite 5$<\/p>\n\n\n\n<p>Caracas _ La Sua\u00f1era 5$<\/p>\n\n\n\n<p>Caracas \u2013 Taguay 5$<\/p>\n\n\n\n<p>Pasaje corto 2$<\/p>\n\n\n\n<p>@amandasaldivia  <\/p>\n\n\n\n<p><\/p>\n","protected":false},"excerpt":{"rendered":"<p>Amanda Saldivia.- A partir del pr\u00f3ximo viernes, 29 de septiembre, entra en vigencia el ajuste de precios en las rutas interurbanas que prestan las l\u00edneas Hermanos Unidos, Valles del Tuy y Colectivos Altagracia, informaci\u00f3n que suministr\u00f3 Rosa Hern\u00e1ndez, directora de Transporte de la alcald\u00eda del municipio Monagas. Especific\u00f3 que el<\/p>\n","protected":false},"author":2,"featured_media":658,"comment_status":"open","ping_status":"open","sticky":false,"template":"","format":"standard","meta":{"advanced_seo_description":"","jetpack_seo_html_title":"","jetpack_seo_noindex":false,"_jetpack_memberships_contains_paid_content":false,"footnotes":"","jetpack_publicize_message":"","jetpack_publicize_feature_enabled":true,"jetpack_social_post_already_shared":true,"jetpack_social_options":{"image_generator_settings":{"template":"highway","enabled":false},"version":2}},"categories":[73,251],"tags":[8,7,32],"class_list":["post-7772","post","type-post","status-publish","format-standard","has-post-thumbnail","hentry","category-transporte-colectivo","category-webdealta","tag-altagraciadeorituco","tag-guarico","tag-webdealta",""],"jetpack_publicize_connections":[],"jetpack_featured_media_url":"https:\/\/webdealta.info\/wp-content\/uploads\/2020\/11\/camioneta-2.jpeg","jetpack_sharing_enabled":true,"jetpack_likes_enabled":true,"jetpack-related-posts":[],"jetpack_shortlink":"https:\/\/wp.me\/pcseDn-21m","_links":{"self":[{"href":"https:\/\/webdealta.info\/index.php?rest_route=\/wp\/v2\/posts\/7772","targetHints":{"allow":["GET"]}}],"collection":[{"href":"https:\/\/webdealta.info\/index.php?rest_route=\/wp\/v2\/posts"}],"about":[{"href":"https:\/\/webdealta.info\/index.php?rest_route=\/wp\/v2\/types\/post"}],"author":[{"embeddable":true,"href":"https:\/\/webdealta.info\/index.php?rest_route=\/wp\/v2\/users\/2"}],"replies":[{"embeddable":true,"href":"https:\/\/webdealta.info\/index.php?rest_route=%2Fwp%2Fv2%2Fcomments&post=7772"}],"version-history":[{"count":1,"href":"https:\/\/webdealta.info\/index.php?rest_route=\/wp\/v2\/posts\/7772\/revisions"}],"predecessor-version":[{"id":7773,"href":"https:\/\/webdealta.info\/index.php?rest_route=\/wp\/v2\/posts\/7772\/revisions\/7773"}],"wp:featuredmedia":[{"embeddable":true,"href":"https:\/\/webdealta.info\/index.php?rest_route=\/wp\/v2\/media\/658"}],"wp:attachment":[{"href":"https:\/\/webdealta.info\/index.php?rest_route=%2Fwp%2Fv2%2Fmedia&parent=7772"}],"wp:term":[{"taxonomy":"category","embeddable":true,"href":"https:\/\/webdealta.info\/index.php?rest_route=%2Fwp%2Fv2%2Fcategories&post=7772"},{"taxonomy":"post_tag","embeddable":true,"href":"https:\/\/webdealta.info\/index.php?rest_route=%2Fwp%2Fv2%2Ftags&post=7772"}],"curies":[{"name":"wp","href":"https:\/\/api.w.org\/{rel}","templated":true}]}}