{"id":7769,"date":"2023-09-26T22:17:44","date_gmt":"2023-09-27T02:17:44","guid":{"rendered":"https:\/\/webdealta.info\/?p=7769"},"modified":"2023-09-26T22:17:45","modified_gmt":"2023-09-27T02:17:45","slug":"vecinos-se-quejan-por-mayor-deterioro-de-servicio-electrico","status":"publish","type":"post","link":"https:\/\/webdealta.info\/?p=7769","title":{"rendered":"Vecinos se quejan por mayor deterioro de servicio el\u00e9ctrico"},"content":{"rendered":"\n<p>Amanda Saldivia.-<\/p>\n\n\n\n<p>En las \u00faltimas semanas, los habitantes del municipio Jos\u00e9 Tadeo Monagas han sentido un mayor deterioro del servicio que presta Corpoelec, ya que se registran fluctuaciones el\u00e9ctricas durante el d\u00eda, hay racionamiento y tambi\u00e9n fallas, incluso en la madrugada, las cuales dejan a oscuras a toda la poblaci\u00f3n de Altagracia de Orituco y otras parroquias.<\/p>\n\n\n\n<p>Jenny Hern\u00e1ndez, habitante de la urbanizaci\u00f3n Dr. Jos\u00e9 Francisco Torrealba, zona conocida popularmente como Camoruco, expres\u00f3 su descontento en el programa Tiempo de Cambios que se transmite a trav\u00e9s de la emisora Activa 104.9 FM.<\/p>\n\n\n\n<p>\u201cCada d\u00eda est\u00e1 m\u00e1s terrible el servicio, primero empezaron a racionar dos d\u00edas a la semana de 4 a 5 horas\u2026luego empezamos a presenciar bajones de electricidad, que es el problema m\u00e1s grave que tenemos hasta los momentos, porque dichos bajones son los que da\u00f1an los artefactos el\u00e9ctricos\u201d, dijo Hern\u00e1ndez en el programa radial.<\/p>\n\n\n\n<p>Igualmente, expres\u00f3 preocupaci\u00f3n por los apagones pasada la medianoche, porque \u201cno tuvimos luz toda la madrugada, despu\u00e9s qued\u00f3 en bajo voltaje, lleg\u00f3 como a las 7:30 de la ma\u00f1ana, luego pensamos que no se nos iba a ir m\u00e1s la luz en el resto del d\u00eda, pues nos equivocamos, porque a las 12:09 del mediod\u00eda nos quedamos sin electricidad hasta las 4:30 de la tarde\u201d.<\/p>\n\n\n\n<p>Por \u00faltimo, mencion\u00f3 el que monto de los recibos van en aumento y los salarios no. Sin embargo, dej\u00f3 claro que \u201cno nos negamos a pagar, pero queremos que nos presten un buen servicio, que mejoren la calidad de los servicios p\u00fablicos, tanto del agua, como de la luz\u201d.<\/p>\n\n\n\n<p>@amandasaldivia  <\/p>\n\n\n\n<p><\/p>\n","protected":false},"excerpt":{"rendered":"<p>Amanda Saldivia.- En las \u00faltimas semanas, los habitantes del municipio Jos\u00e9 Tadeo Monagas han sentido un mayor deterioro del servicio que presta Corpoelec, ya que se registran fluctuaciones el\u00e9ctricas durante el d\u00eda, hay racionamiento y tambi\u00e9n fallas, incluso en la madrugada, las cuales dejan a oscuras a toda la poblaci\u00f3n<\/p>\n","protected":false},"author":2,"featured_media":5906,"comment_status":"open","ping_status":"open","sticky":false,"template":"","format":"standard","meta":{"advanced_seo_description":"","jetpack_seo_html_title":"","jetpack_seo_noindex":false,"_jetpack_memberships_contains_paid_content":false,"footnotes":"","jetpack_publicize_message":"","jetpack_publicize_feature_enabled":true,"jetpack_social_post_already_shared":true,"jetpack_social_options":{"image_generator_settings":{"template":"highway","enabled":false},"version":2}},"categories":[268,251],"tags":[8,7,32],"class_list":["post-7769","post","type-post","status-publish","format-standard","has-post-thumbnail","hentry","category-servicios-publicos","category-webdealta","tag-altagraciadeorituco","tag-guarico","tag-webdealta",""],"jetpack_publicize_connections":[],"jetpack_featured_media_url":"https:\/\/webdealta.info\/wp-content\/uploads\/2022\/11\/subestacion-altagracia-webdealta.png","jetpack_sharing_enabled":true,"jetpack_likes_enabled":true,"jetpack-related-posts":[],"jetpack_shortlink":"https:\/\/wp.me\/pcseDn-21j","_links":{"self":[{"href":"https:\/\/webdealta.info\/index.php?rest_route=\/wp\/v2\/posts\/7769","targetHints":{"allow":["GET"]}}],"collection":[{"href":"https:\/\/webdealta.info\/index.php?rest_route=\/wp\/v2\/posts"}],"about":[{"href":"https:\/\/webdealta.info\/index.php?rest_route=\/wp\/v2\/types\/post"}],"author":[{"embeddable":true,"href":"https:\/\/webdealta.info\/index.php?rest_route=\/wp\/v2\/users\/2"}],"replies":[{"embeddable":true,"href":"https:\/\/webdealta.info\/index.php?rest_route=%2Fwp%2Fv2%2Fcomments&post=7769"}],"version-history":[{"count":1,"href":"https:\/\/webdealta.info\/index.php?rest_route=\/wp\/v2\/posts\/7769\/revisions"}],"predecessor-version":[{"id":7770,"href":"https:\/\/webdealta.info\/index.php?rest_route=\/wp\/v2\/posts\/7769\/revisions\/7770"}],"wp:featuredmedia":[{"embeddable":true,"href":"https:\/\/webdealta.info\/index.php?rest_route=\/wp\/v2\/media\/5906"}],"wp:attachment":[{"href":"https:\/\/webdealta.info\/index.php?rest_route=%2Fwp%2Fv2%2Fmedia&parent=7769"}],"wp:term":[{"taxonomy":"category","embeddable":true,"href":"https:\/\/webdealta.info\/index.php?rest_route=%2Fwp%2Fv2%2Fcategories&post=7769"},{"taxonomy":"post_tag","embeddable":true,"href":"https:\/\/webdealta.info\/index.php?rest_route=%2Fwp%2Fv2%2Ftags&post=7769"}],"curies":[{"name":"wp","href":"https:\/\/api.w.org\/{rel}","templated":true}]}}