{"id":7765,"date":"2023-09-25T21:59:41","date_gmt":"2023-09-26T01:59:41","guid":{"rendered":"https:\/\/webdealta.info\/?p=7765"},"modified":"2023-09-25T22:00:44","modified_gmt":"2023-09-26T02:00:44","slug":"en-guarico-instalaron-el-consejo-estadal-de-la-zona-especial-agroalimentaria","status":"publish","type":"post","link":"https:\/\/webdealta.info\/?p=7765","title":{"rendered":"En Gu\u00e1rico instalaron el Consejo Estadal de la Zona Especial Agroalimentaria"},"content":{"rendered":"\n<ul class=\"wp-block-list\">\n<li><strong>Est\u00e1 incluido el municipio Jos\u00e9 Tadeo Monagas.<\/strong><\/li>\n<\/ul>\n\n\n\n<p>El gobernador Jos\u00e9 V\u00e1squez junto al equipo del Consejo Estadal de la Zona Econ\u00f3mica Especial Agroalimentaria Oriental (Zeeao), cap\u00edtulo Gu\u00e1rico, realiz\u00f3 la instalaci\u00f3n de la primera mesa de trabajo correspondiente a esta instancia en funci\u00f3n de iniciar el proceso de planificaci\u00f3n y definici\u00f3n de actores productivos que formar\u00e1n parte de esta iniciativa, con la cual se prev\u00e9 incrementar el desarrollo alimentario autosustentable del pa\u00eds junto a otros 3 estados de Venezuela.<\/p>\n\n\n\n<p>V\u00e1squez puntualiz\u00f3 que la entidad guarique\u00f1a se suma a los estados Anzo\u00e1tegui, Monagas, Sucre, Bol\u00edvar y Delta Amacuro en esta Zona Especial anunciada por el presidente de la Rep\u00fablica Nicol\u00e1s Maduro, con 9 municipios estrat\u00e9gicos que corresponden a: Chaguaramas, El Socorro, Jos\u00e9 F\u00e9lix Ribas, Juan Jos\u00e9 Rond\u00f3n, Leonardo Infante, Pedro Zaraza, Santa Mar\u00eda de Ipire, Jos\u00e9 Tadeo Monagas y San Jos\u00e9 de Guaribe.<\/p>\n\n\n\n<p>En temas organizativos, V\u00e1squez se\u00f1al\u00f3 que actualmente esta zona econ\u00f3mica regional produce m\u00e1s de 200.000 HAS de cereales mientras que en el \u00e1mbito pecuario supera la producci\u00f3n de m\u00e1s de 883 mil cabezas, acotando que m\u00e1s 15 mil Unidades Productivas se encuentran \u00a0certificadas en esta entidad a trav\u00e9s del Instituto Nacional de Tierras, las cuales engloban a m\u00e1s de 22 mil 714 productores, con lo cual se prev\u00e9 avanzar en el proceso de legalizaci\u00f3n y certificaci\u00f3n de las mismas.<\/p>\n\n\n\n<p>\u201cLa misi\u00f3n es producir productos de calidad como lo hemos venido haciendo, a pesar de los bloqueos y sanciones que afronta el pa\u00eds, visionando abrir las puertas a la importaci\u00f3n a gran escala\u201d, refiri\u00f3 el gobernador Jos\u00e9 V\u00e1squez, al tiempo que enfatiz\u00f3 determinar los circuitos productivos de la regi\u00f3n y como estos se entrelazan.<\/p>\n\n\n\n<p>Dentro de este escenario se desarrollaron 06 mesas de trabajo enfocadas a los sectores: Agr\u00edcola, Pesca, Forestal, Agroindustrial, Agropecuaria y Campesinos, en las cuales los m\u00e1s de 200 representantes de estas mismas, plantearon las fortalezas y debilidades que presenta cada \u00e1rea, as\u00ed como las propuestas que permitir\u00e1n la evoluci\u00f3n e incremento de las actividades agr\u00edcolas, pecuarias e industriales.<\/p>\n\n\n\n<p>La instalaci\u00f3n de esta primera mesa de trabajo regional tuvo lugar en la ciudad de Valle de la Pascua del municipio Leonardo Infante, contando con la presencia del secretario ejecutivo de Desarrollo Econ\u00f3mico de la gobernaci\u00f3n, Cnel. H\u00e9ctor V\u00e1squez; Marbelis Jim\u00e9nez, directora estadal del Ministerio del Poder Popular para la Agricultura y Tierras, as\u00ed como los alcaldes bolivarianos de los municipios guarique\u00f1os del eje oriental.<\/p>\n\n\n\n<p>Cortes\u00eda Sibci Gu\u00e1rico<\/p>\n\n\n\n<p><\/p>\n","protected":false},"excerpt":{"rendered":"<p>El gobernador Jos\u00e9 V\u00e1squez junto al equipo del Consejo Estadal de la Zona Econ\u00f3mica Especial Agroalimentaria Oriental (Zeeao), cap\u00edtulo Gu\u00e1rico, realiz\u00f3 la instalaci\u00f3n de la primera mesa de trabajo correspondiente a esta instancia en funci\u00f3n de iniciar el proceso de planificaci\u00f3n y definici\u00f3n de actores productivos que formar\u00e1n parte de<\/p>\n","protected":false},"author":2,"featured_media":7766,"comment_status":"open","ping_status":"open","sticky":false,"template":"","format":"standard","meta":{"advanced_seo_description":"","jetpack_seo_html_title":"","jetpack_seo_noindex":false,"_jetpack_memberships_contains_paid_content":false,"footnotes":"","jetpack_publicize_message":"","jetpack_publicize_feature_enabled":true,"jetpack_social_post_already_shared":true,"jetpack_social_options":{"image_generator_settings":{"template":"highway","enabled":false},"version":2}},"categories":[66,251],"tags":[8,7,32],"class_list":["post-7765","post","type-post","status-publish","format-standard","has-post-thumbnail","hentry","category-regionales","category-webdealta","tag-altagraciadeorituco","tag-guarico","tag-webdealta",""],"jetpack_publicize_connections":[],"jetpack_featured_media_url":"https:\/\/webdealta.info\/wp-content\/uploads\/2023\/09\/zeeao-guarico-webdealta-1.png","jetpack_sharing_enabled":true,"jetpack_likes_enabled":true,"jetpack-related-posts":[],"jetpack_shortlink":"https:\/\/wp.me\/pcseDn-21f","_links":{"self":[{"href":"https:\/\/webdealta.info\/index.php?rest_route=\/wp\/v2\/posts\/7765","targetHints":{"allow":["GET"]}}],"collection":[{"href":"https:\/\/webdealta.info\/index.php?rest_route=\/wp\/v2\/posts"}],"about":[{"href":"https:\/\/webdealta.info\/index.php?rest_route=\/wp\/v2\/types\/post"}],"author":[{"embeddable":true,"href":"https:\/\/webdealta.info\/index.php?rest_route=\/wp\/v2\/users\/2"}],"replies":[{"embeddable":true,"href":"https:\/\/webdealta.info\/index.php?rest_route=%2Fwp%2Fv2%2Fcomments&post=7765"}],"version-history":[{"count":1,"href":"https:\/\/webdealta.info\/index.php?rest_route=\/wp\/v2\/posts\/7765\/revisions"}],"predecessor-version":[{"id":7767,"href":"https:\/\/webdealta.info\/index.php?rest_route=\/wp\/v2\/posts\/7765\/revisions\/7767"}],"wp:featuredmedia":[{"embeddable":true,"href":"https:\/\/webdealta.info\/index.php?rest_route=\/wp\/v2\/media\/7766"}],"wp:attachment":[{"href":"https:\/\/webdealta.info\/index.php?rest_route=%2Fwp%2Fv2%2Fmedia&parent=7765"}],"wp:term":[{"taxonomy":"category","embeddable":true,"href":"https:\/\/webdealta.info\/index.php?rest_route=%2Fwp%2Fv2%2Fcategories&post=7765"},{"taxonomy":"post_tag","embeddable":true,"href":"https:\/\/webdealta.info\/index.php?rest_route=%2Fwp%2Fv2%2Ftags&post=7765"}],"curies":[{"name":"wp","href":"https:\/\/api.w.org\/{rel}","templated":true}]}}