{"id":7761,"date":"2023-09-24T18:54:29","date_gmt":"2023-09-24T22:54:29","guid":{"rendered":"https:\/\/webdealta.info\/?p=7761"},"modified":"2023-09-24T18:54:37","modified_gmt":"2023-09-24T22:54:37","slug":"el-poder-del-conocimiento-los-globos-multicolores-de-las-fiestas-patronales","status":"publish","type":"post","link":"https:\/\/webdealta.info\/?p=7761","title":{"rendered":"El Poder del Conocimiento: los globos multicolores de las fiestas patronales"},"content":{"rendered":"\n<p>Amanda Saldivia.-<\/p>\n\n\n\n<p>Las tradiciones evolucionan. Hay aspectos que se conservan y otros que pasan de moda. Para muestra las fiestas patronales de Altagracia de Orituco, ahora conocidas como Ferias. El historiador y periodista Pedro Calzadilla \u00c1lvarez, escribi\u00f3 una cr\u00f3nica sobre c\u00f3mo eran esas festividades en los primeros a\u00f1os de la d\u00e9cada de los a\u00f1os 40.<\/p>\n\n\n\n<p>En su obra El D\u00eda en que un cometa chocar\u00eda con la Tierra, cr\u00f3nicas de Altagracia de Orituco, escribi\u00f3 que \u201clas fiestas patronales, por su naturaleza, eran absolutamente lo contrario de Semana Santa, hab\u00eda m\u00fasica, parrandas, retretas todas las noches, fuegos artificiales, elevaci\u00f3n de bombas de papel, pi\u00f1atas, palos encebados, toros coleados. En fin, diversiones a granel y, por supuesto, derroche de alegr\u00eda, de entusiasmo\u201d.<\/p>\n\n\n\n<p>De acuerdo al relato, la esencia parrandera se mantiene y los toros coleados, pero es muy raro ver en los sectores el palo encebado, por ejemplo, y llama la atenci\u00f3n eso de elevaci\u00f3n de bombas de papel, que eran globos aerost\u00e1ticos construidos por las familias, esos que ahora se compran en diciembre.<\/p>\n\n\n\n<p>Cuenta Pedro Calzadilla \u00c1lvarez que semanas antes de las fiestas patronales de Altagracia su pap\u00e1 los reun\u00eda y comenzaban a fabricar las bombas en el amplio corredor de la casa donde viv\u00edan, ubicada en la calle Jos\u00e9 Mart\u00ed, lo que, para \u00e9l, un ni\u00f1o de \u201cmenos de 10 a\u00f1os, eran tres o cuatro horas de felicidad, en medio de aquel despliegue de hojas multicolores de papel de seda. Era una aut\u00e9ntica fiesta\u201d.<\/p>\n\n\n\n<p>Explica que las labores consist\u00edan en unir con \u201cun pegamento, hecho a base de almid\u00f3n, pliegos, medios pliegos, cuartos y octavos de pliegos, para hacer los pa\u00f1os\u2026de arriba a abajo hasta cerrar el c\u00edrculo\u201d.<\/p>\n\n\n\n<p>Tambi\u00e9n elaboraban el aro de metal para la boca con alambre liso y el \u201cmechurrio\u201d que \u201cconsist\u00eda en una peque\u00f1a bola de algod\u00f3n o mopa con tres o cuatro patas de alambre y que, a la hora de soltar el globo, se fijaba en el aro de la boca\u201d.<\/p>\n\n\n\n<p>Otro dato interesante es que con la venta de esos globos se ganaban una platica, ellos y los hermanos Tulio y H\u00e9ctor Mendoza, quienes los acompa\u00f1aban todos los a\u00f1os en esa labor, bajo la supervisi\u00f3n de su pap\u00e1 que era el experto.<\/p>\n\n\n\n<p>Era tal la importancia de esa tradici\u00f3n que en el programa de las fiestas patronales figuraba la elevaci\u00f3n de los globos aerost\u00e1ticos que era un \u201cespect\u00e1culo fascinante, que cautivaba a todos y que se realizaba en la plaza Bol\u00edvar, al frente de la Iglesia Nuestra Se\u00f1ora de Altagracia.<\/p>\n\n\n\n<p>Un momento que Pedro Calzadilla describe como m\u00e1gico \u201c\u00a1poner a volar un artefacto multicolor de papel!<\/p>\n\n\n\n<p>@amandasaldivia  <\/p>\n\n\n\n<p>Fotos cortes\u00eda de RRSS<\/p>\n\n\n\n<p>No corresponden a Altagracia de Orituco, sirven de referencia. <\/p>\n\n\n\n<p><\/p>\n","protected":false},"excerpt":{"rendered":"<p>Amanda Saldivia.- Las tradiciones evolucionan. Hay aspectos que se conservan y otros que pasan de moda. Para muestra las fiestas patronales de Altagracia de Orituco, ahora conocidas como Ferias. El historiador y periodista Pedro Calzadilla \u00c1lvarez, escribi\u00f3 una cr\u00f3nica sobre c\u00f3mo eran esas festividades en los primeros a\u00f1os de la<\/p>\n","protected":false},"author":2,"featured_media":7762,"comment_status":"open","ping_status":"open","sticky":false,"template":"","format":"standard","meta":{"advanced_seo_description":"","jetpack_seo_html_title":"","jetpack_seo_noindex":false,"_jetpack_memberships_contains_paid_content":false,"footnotes":"","jetpack_publicize_message":"","jetpack_publicize_feature_enabled":true,"jetpack_social_post_already_shared":true,"jetpack_social_options":{"image_generator_settings":{"template":"highway","enabled":false},"version":2}},"categories":[302,251],"tags":[8,7,32],"class_list":["post-7761","post","type-post","status-publish","format-standard","has-post-thumbnail","hentry","category-el-poder-del-conocimiento","category-webdealta","tag-altagraciadeorituco","tag-guarico","tag-webdealta",""],"jetpack_publicize_connections":[],"jetpack_featured_media_url":"https:\/\/webdealta.info\/wp-content\/uploads\/2023\/09\/globos-webdealta.png","jetpack_sharing_enabled":true,"jetpack_likes_enabled":true,"jetpack-related-posts":[],"jetpack_shortlink":"https:\/\/wp.me\/pcseDn-21b","_links":{"self":[{"href":"https:\/\/webdealta.info\/index.php?rest_route=\/wp\/v2\/posts\/7761","targetHints":{"allow":["GET"]}}],"collection":[{"href":"https:\/\/webdealta.info\/index.php?rest_route=\/wp\/v2\/posts"}],"about":[{"href":"https:\/\/webdealta.info\/index.php?rest_route=\/wp\/v2\/types\/post"}],"author":[{"embeddable":true,"href":"https:\/\/webdealta.info\/index.php?rest_route=\/wp\/v2\/users\/2"}],"replies":[{"embeddable":true,"href":"https:\/\/webdealta.info\/index.php?rest_route=%2Fwp%2Fv2%2Fcomments&post=7761"}],"version-history":[{"count":1,"href":"https:\/\/webdealta.info\/index.php?rest_route=\/wp\/v2\/posts\/7761\/revisions"}],"predecessor-version":[{"id":7763,"href":"https:\/\/webdealta.info\/index.php?rest_route=\/wp\/v2\/posts\/7761\/revisions\/7763"}],"wp:featuredmedia":[{"embeddable":true,"href":"https:\/\/webdealta.info\/index.php?rest_route=\/wp\/v2\/media\/7762"}],"wp:attachment":[{"href":"https:\/\/webdealta.info\/index.php?rest_route=%2Fwp%2Fv2%2Fmedia&parent=7761"}],"wp:term":[{"taxonomy":"category","embeddable":true,"href":"https:\/\/webdealta.info\/index.php?rest_route=%2Fwp%2Fv2%2Fcategories&post=7761"},{"taxonomy":"post_tag","embeddable":true,"href":"https:\/\/webdealta.info\/index.php?rest_route=%2Fwp%2Fv2%2Ftags&post=7761"}],"curies":[{"name":"wp","href":"https:\/\/api.w.org\/{rel}","templated":true}]}}