{"id":7757,"date":"2023-09-24T18:35:48","date_gmt":"2023-09-24T22:35:48","guid":{"rendered":"https:\/\/webdealta.info\/?p=7757"},"modified":"2023-09-24T18:35:58","modified_gmt":"2023-09-24T22:35:58","slug":"guarico-celebro-la-coronacion-canonica-de-la-virgen-maria-de-la-pena-admirable","status":"publish","type":"post","link":"https:\/\/webdealta.info\/?p=7757","title":{"rendered":"Gu\u00e1rico celebr\u00f3 la coronaci\u00f3n can\u00f3nica de la Virgen Mar\u00eda de la Pe\u00f1a Admirable"},"content":{"rendered":"\n<p>El estado Gu\u00e1rico celebr\u00f3 la coronaci\u00f3n can\u00f3nica de la Virgen Santa Mar\u00eda de la Pe\u00f1a Admirable, patrona de la parroquia Parapara, un acto religioso de reconocimiento nacional e internacional para unir en amor y paz a todos los hijos de Dios.<\/p>\n\n\n\n<p>El acto de celebraci\u00f3n comenz\u00f3 con una gran ceremonia religiosa en la plaza Bol\u00edvar de la parroquia, en la cual todo los feligreses y creyentes ratificaron su devoci\u00f3n y fe hacia Dios y hacia la Virgen, para luego proceder a una misa eucar\u00edstica, en la que se realiz\u00f3 la coronaci\u00f3n, dirigida por el arzobispo de la Arquidi\u00f3cesis de Calabozo, Manuel Felipe S\u00e1nchez, quien derram\u00f3 sus bendiciones a todos los presentes.<\/p>\n\n\n\n<p>Asimismo, el &nbsp;arzobispo S\u00e1nchez expres\u00f3 tambi\u00e9n que al cumplir los 300 a\u00f1os de la aparici\u00f3n de la Virgen, solicit\u00f3 a la Santa Sede, la coronaci\u00f3n can\u00f3nica, la cual fue concedida,&nbsp; \u00abes un gran honor para toda la arquidi\u00f3cesis y el Gu\u00e1rico en general, que se realice esta acto, porque as\u00ed se reconoce la presencia de Mar\u00eda en todos nosotros\u00bb.<\/p>\n\n\n\n<p>Del mismo modo, S\u00e1nchez manifest\u00f3 que \u00abnos alegramos por la presencia de la multitud que hoy nos acompa\u00f1a, de las autoridades regionales y municipales que han tenido el gesto de colaborar para restaurar la iglesia y prestar el apoyo log\u00edstico para que se realizara esta celebraci\u00f3n\u00bb.<\/p>\n\n\n\n<p>De igual forma, el gobernador del estado llanero, Jos\u00e9 V\u00e1squez, quien acompa\u00f1\u00f3 el acto, coment\u00f3 que &nbsp;una vez m\u00e1s Gu\u00e1rico es Territorio de Fe, y que el&nbsp; acto de&nbsp; coronaci\u00f3n se suma a los hechos hist\u00f3ricos que ha tenido esta tierra, mencionando entre ellos la beatificaci\u00f3n de la Madre Candelaria de San Jos\u00e9, as\u00ed como la del Doctor Jos\u00e9 Gregorio Hern\u00e1ndez, precisamente en&nbsp; Gu\u00e1rico se produjo el milagro&nbsp; que lo llev\u00f3 a la beatificaci\u00f3n. \u201cAhora todos nosotros, somos protagonistas de esta historia, y hoy por primera vez en Gu\u00e1rico y la N\u00ba 12 a nivel nacional, tenemos la coronaci\u00f3n can\u00f3nica de la Virgen de la Pe\u00f1a Admirable, as\u00ed que somos bendecidos por Dios\u201d.<\/p>\n\n\n\n<p>Igualmente, V\u00e1squez afirm\u00f3 que se siente &nbsp;eternamente agradecido con Dios&nbsp; y con el pueblo guarique\u00f1o, bendecido por &nbsp;la Virgen de la Pe\u00f1a Admirable, y para aportar a todo esta labor, y en agradecimiento a Dios,&nbsp; por parte del Gobierno nacional, regional y municipal se trabaj\u00f3 en la mejora de la iglesia Santa Catalina Siena, que tiene &nbsp;m\u00e1s de 400 a\u00f1os.<\/p>\n\n\n\n<p>A su vez, el monse\u00f1or Ra\u00fal Ascanio Chirinos, p\u00e1rroco de la iglesia San Juan Bautista, y presidente del Comit\u00e9 Organizativo para la coronaci\u00f3n de la Virgen de la Pe\u00f1a Admirable, destac\u00f3 que \u201cla Virgen marc\u00f3 huellas de amor en la tierra de Parapara, donde el cielo y la tierra se abrazaron para siempre\u201d, &nbsp;y el prodigioso milagro como lo es la manifestaci\u00f3n de la Virgen en esta parroquia lleg\u00f3 a o\u00eddos del papa Francisco, quien tribut\u00f3 a la Virgen guarique\u00f1a el m\u00e1ximo galard\u00f3n, como lo es una corona de gloria y vida, \u201cDios nos permite vivir este acontecimiento de la iglesia que peregrina en los llanos centrales venezolanos\u201d<\/p>\n\n\n\n<p>Cabe mencionar, que en el \u00a0transcurrir este encuentro con Dios, fue declarado cada 23 de septiembre la celebraci\u00f3n de este \u00a0hecho hist\u00f3rico,\u00a0 la coronaci\u00f3n de la Virgen en la localidad de Parapara.<\/p>\n\n\n\n<p>Vale resaltar que &nbsp;entre los acompa\u00f1antes al acto se encontraban el G\/D Henry Parra Castillo, segundo comandante de la Zona Operativa de Defensa Integral ZODI Gu\u00e1rico N\u00ba 35; la primera Combatiente Fabiola de C\u00f3rdoba, la alcaldesa del municipio Juan Germ\u00e1n Roscio Nieves, Sulme \u00c1vila, el secretario de Seguridad y Defensa Ciudadana Luiger Ugas Medina, y dem\u00e1s secretarios y diputados de la Asamblea Nacional, as\u00ed como sacerdotes y autoridades religiosas de distintas partes del estado Gu\u00e1rico y Venezuela.<\/p>\n\n\n\n<p><strong>Sibci-Gu\u00e1rico<\/strong>  <\/p>\n\n\n\n<p>Fotos cortes\u00eda <\/p>\n","protected":false},"excerpt":{"rendered":"<p>El estado Gu\u00e1rico celebr\u00f3 la coronaci\u00f3n can\u00f3nica de la Virgen Santa Mar\u00eda de la Pe\u00f1a Admirable, patrona de la parroquia Parapara, un acto religioso de reconocimiento nacional e internacional para unir en amor y paz a todos los hijos de Dios. El acto de celebraci\u00f3n comenz\u00f3 con una gran ceremonia<\/p>\n","protected":false},"author":2,"featured_media":7758,"comment_status":"open","ping_status":"open","sticky":false,"template":"","format":"standard","meta":{"advanced_seo_description":"","jetpack_seo_html_title":"","jetpack_seo_noindex":false,"_jetpack_memberships_contains_paid_content":false,"footnotes":"","jetpack_publicize_message":"","jetpack_publicize_feature_enabled":true,"jetpack_social_post_already_shared":true,"jetpack_social_options":{"image_generator_settings":{"template":"highway","enabled":false},"version":2}},"categories":[42,66,251],"tags":[8,7,32],"class_list":["post-7757","post","type-post","status-publish","format-standard","has-post-thumbnail","hentry","category-iglesia-catolica","category-regionales","category-webdealta","tag-altagraciadeorituco","tag-guarico","tag-webdealta",""],"jetpack_publicize_connections":[],"jetpack_featured_media_url":"https:\/\/webdealta.info\/wp-content\/uploads\/2023\/09\/pena-admirable-webdealta.png","jetpack_sharing_enabled":true,"jetpack_likes_enabled":true,"jetpack-related-posts":[],"jetpack_shortlink":"https:\/\/wp.me\/pcseDn-217","_links":{"self":[{"href":"https:\/\/webdealta.info\/index.php?rest_route=\/wp\/v2\/posts\/7757","targetHints":{"allow":["GET"]}}],"collection":[{"href":"https:\/\/webdealta.info\/index.php?rest_route=\/wp\/v2\/posts"}],"about":[{"href":"https:\/\/webdealta.info\/index.php?rest_route=\/wp\/v2\/types\/post"}],"author":[{"embeddable":true,"href":"https:\/\/webdealta.info\/index.php?rest_route=\/wp\/v2\/users\/2"}],"replies":[{"embeddable":true,"href":"https:\/\/webdealta.info\/index.php?rest_route=%2Fwp%2Fv2%2Fcomments&post=7757"}],"version-history":[{"count":1,"href":"https:\/\/webdealta.info\/index.php?rest_route=\/wp\/v2\/posts\/7757\/revisions"}],"predecessor-version":[{"id":7759,"href":"https:\/\/webdealta.info\/index.php?rest_route=\/wp\/v2\/posts\/7757\/revisions\/7759"}],"wp:featuredmedia":[{"embeddable":true,"href":"https:\/\/webdealta.info\/index.php?rest_route=\/wp\/v2\/media\/7758"}],"wp:attachment":[{"href":"https:\/\/webdealta.info\/index.php?rest_route=%2Fwp%2Fv2%2Fmedia&parent=7757"}],"wp:term":[{"taxonomy":"category","embeddable":true,"href":"https:\/\/webdealta.info\/index.php?rest_route=%2Fwp%2Fv2%2Fcategories&post=7757"},{"taxonomy":"post_tag","embeddable":true,"href":"https:\/\/webdealta.info\/index.php?rest_route=%2Fwp%2Fv2%2Ftags&post=7757"}],"curies":[{"name":"wp","href":"https:\/\/api.w.org\/{rel}","templated":true}]}}