{"id":7749,"date":"2023-09-21T21:36:58","date_gmt":"2023-09-22T01:36:58","guid":{"rendered":"https:\/\/webdealta.info\/?p=7749"},"modified":"2023-09-21T21:37:11","modified_gmt":"2023-09-22T01:37:11","slug":"reinaldo-armas-estara-en-el-amanecer-llanero-de-las-ferias-del-orituco","status":"publish","type":"post","link":"https:\/\/webdealta.info\/?p=7749","title":{"rendered":"Reinaldo Armas estar\u00e1 en el Amanecer Llanero de las Ferias del Orituco"},"content":{"rendered":"\n<p>Amanda Saldivia.-<\/p>\n\n\n\n<p>En rueda de prensa, el alcalde Pedro Sol\u00f3rzano present\u00f3 oficialmente a los integrantes de la directiva de la segunda edici\u00f3n de las Ferias del Renacer del Orituco 2023, as\u00ed como tambi\u00e9n dio a conocer detalles de las festividades en honor a San Miguel Arc\u00e1ngel, donde destaca el afamado cantautor Reinaldo Armas como figura central del Amanecer Llanero del 30 de septiembre, junto a otros expones de la m\u00fasica venezolana.<\/p>\n\n\n\n<p>El encuentro del alcalde Pedro Sol\u00f3rzano con los medios de comunicaci\u00f3n social fue en la tarde de este jueves 21 de septiembre, acompa\u00f1ado por su esposa la Dra. Elsy Rodr\u00edguez y por el ingeniero Sergio Rodr\u00edguez, Secretario de Infraestructura del gobierno de Gu\u00e1rico y presidente de Construpatria, quien dirige la organizaci\u00f3n de las ferias junto a Dulce Meza, vicepresidenta; Elena Centeno, secretaria; Alejandro Daniel y \u00c1ngel Infante, comit\u00e9 de Eventos; Tirso Cario, comit\u00e9 de Publicidad y Comunicaci\u00f3n; Yojanny Durand, comit\u00e9 Religioso; Luis Renzullo, comit\u00e9 de Deporte; Jos\u00e9 Benito Marrero, comit\u00e9 de Coleo; Jean Castrillo y Susana Sayegh, comit\u00e9 de Cultura; Maryury Su\u00e1rez, comit\u00e9 de Reinas y el comisario Julio Correa, comit\u00e9 de Seguridad.<\/p>\n\n\n\n<p>Al iniciar la rueda de prensa, el primer mandatario local mencion\u00f3 las deficiencias en los servicios p\u00fablicos, para posteriormente argumentar que \u00e9stas no pueden limitar la realizaci\u00f3n de un evento religioso, cultural y deportivo que forma parte de las tradiciones del Orituco, con una connotaci\u00f3n importante para la proyecci\u00f3n de las potencialidades de esta regi\u00f3n del estado Gu\u00e1rico.<\/p>\n\n\n\n<p>En ese sentido, aprovech\u00f3 la ocasi\u00f3n para anunciar que sostuvo una conversaci\u00f3n con el gobernador Jos\u00e9 V\u00e1squez, en la cual \u00e9ste le confirm\u00f3 que el municipio Jos\u00e9 Tadeo Monagas fue incorporado a la Zona Especial de Desarrollo Agroalimentaria de Oriente, lo que considera un punto importante para el apuntalamiento econ\u00f3mico del \u00e1rea agr\u00edcola y pecuaria.<\/p>\n\n\n\n<p>Asimismo, mencion\u00f3 que el mandatario regional transmitir\u00e1 desde Altagracia de Orituco el programa semanal En Directo con el Gobernador, el pr\u00f3ximo viernes 29 de septiembre, adem\u00e1s de asistir a los eventos pautados en compa\u00f1\u00eda de la primera dama Fabiola De C\u00f3rdoba, a quien agradeci\u00f3 el apoyo y las atenciones que ha tenido con las nueve candidatas, para que estas tengas m\u00e1s oportunidades de formaci\u00f3n, m\u00e1s all\u00e1 de la participaci\u00f3n en la elecci\u00f3n de la reina de las ferias.<\/p>\n\n\n\n<p>En cuanto al resto de los artistas que se presentar\u00e1n en el Amanecer Llanero del 30 de septiembre destac\u00f3 a Yenifer Mora, Antonio Pi\u00f1ango, Jos\u00e9 Gregorio Utrera, Fernanda Zambrano, Darwin Garrido, Arqu\u00edmedes Bandres, Esteban P\u00e9rez, La Negra Linares, Araima Amezquita, Domingo Garc\u00eda, Tomas Marrero, Edgardo Ram\u00edrez; mientras que en la elecci\u00f3n de la reina, el viernes 29, estar\u00e1 Alejandro Pantoja, la orquesta La Tentadora y Afro Criollo.<\/p>\n\n\n\n<p>Sobre el lugar de estos eventos, dijo que lo anunciar\u00e1 en los pr\u00f3ximos d\u00edas, pero dej\u00f3 claro que ser\u00e1n gratis y en alguna calle de la poblaci\u00f3n que est\u00e9 acorde con las condiciones para la instalaci\u00f3n de la tarima.<\/p>\n\n\n\n<p>Al preguntarle sobre el decreto que proh\u00edbe la circulaci\u00f3n de motocicletas a partir de las 9:00 pm, puntualiz\u00f3 que ser\u00e1 flexibilizado los d\u00edas 29 y 30 de septiembre, en pro de la asistencia de las personas que se desplazan en este tipo de veh\u00edculo.<\/p>\n\n\n\n<p>Tambi\u00e9n, el alcalde Pedro Sol\u00f3rzano precis\u00f3 que los toros coleados los d\u00edas 29 y 30 de septiembre ser\u00e1n en la manga de San Rafael de Orituco, sin dejar el proyecto de recuperar las instalaciones de El Paso Country Club, donde se realizaron el a\u00f1o anterior.<\/p>\n\n\n\n<p>A la Dra. Elsy Rodr\u00edguez se le consult\u00f3 sobre el apoyo que recibir\u00e1 el cuadro de ganadoras, a lo respondi\u00f3 que la intenci\u00f3n es seguir fortaleciendo el talento local, que tengan m\u00e1s oportunidades, entre ellas entrevistas en medios nacionales, acciones de tipo social y el posible casting en el Miss Venezuela.<\/p>\n\n\n\n<p>@amandasaldivia  <\/p>\n\n\n\n<p><\/p>\n","protected":false},"excerpt":{"rendered":"<p>Amanda Saldivia.- En rueda de prensa, el alcalde Pedro Sol\u00f3rzano present\u00f3 oficialmente a los integrantes de la directiva de la segunda edici\u00f3n de las Ferias del Renacer del Orituco 2023, as\u00ed como tambi\u00e9n dio a conocer detalles de las festividades en honor a San Miguel Arc\u00e1ngel, donde destaca el afamado<\/p>\n","protected":false},"author":2,"featured_media":7750,"comment_status":"open","ping_status":"open","sticky":false,"template":"","format":"standard","meta":{"advanced_seo_description":"","jetpack_seo_html_title":"","jetpack_seo_noindex":false,"_jetpack_memberships_contains_paid_content":false,"footnotes":"","jetpack_publicize_message":"","jetpack_publicize_feature_enabled":true,"jetpack_social_post_already_shared":true,"jetpack_social_options":{"image_generator_settings":{"template":"highway","enabled":false},"version":2}},"categories":[335,251],"tags":[8,7,32],"class_list":["post-7749","post","type-post","status-publish","format-standard","has-post-thumbnail","hentry","category-locales","category-webdealta","tag-altagraciadeorituco","tag-guarico","tag-webdealta",""],"jetpack_publicize_connections":[],"jetpack_featured_media_url":"https:\/\/webdealta.info\/wp-content\/uploads\/2023\/09\/rueda-de-prensa-alcalde-2023-webdealta.png","jetpack_sharing_enabled":true,"jetpack_likes_enabled":true,"jetpack-related-posts":[],"jetpack_shortlink":"https:\/\/wp.me\/pcseDn-20Z","_links":{"self":[{"href":"https:\/\/webdealta.info\/index.php?rest_route=\/wp\/v2\/posts\/7749","targetHints":{"allow":["GET"]}}],"collection":[{"href":"https:\/\/webdealta.info\/index.php?rest_route=\/wp\/v2\/posts"}],"about":[{"href":"https:\/\/webdealta.info\/index.php?rest_route=\/wp\/v2\/types\/post"}],"author":[{"embeddable":true,"href":"https:\/\/webdealta.info\/index.php?rest_route=\/wp\/v2\/users\/2"}],"replies":[{"embeddable":true,"href":"https:\/\/webdealta.info\/index.php?rest_route=%2Fwp%2Fv2%2Fcomments&post=7749"}],"version-history":[{"count":1,"href":"https:\/\/webdealta.info\/index.php?rest_route=\/wp\/v2\/posts\/7749\/revisions"}],"predecessor-version":[{"id":7751,"href":"https:\/\/webdealta.info\/index.php?rest_route=\/wp\/v2\/posts\/7749\/revisions\/7751"}],"wp:featuredmedia":[{"embeddable":true,"href":"https:\/\/webdealta.info\/index.php?rest_route=\/wp\/v2\/media\/7750"}],"wp:attachment":[{"href":"https:\/\/webdealta.info\/index.php?rest_route=%2Fwp%2Fv2%2Fmedia&parent=7749"}],"wp:term":[{"taxonomy":"category","embeddable":true,"href":"https:\/\/webdealta.info\/index.php?rest_route=%2Fwp%2Fv2%2Fcategories&post=7749"},{"taxonomy":"post_tag","embeddable":true,"href":"https:\/\/webdealta.info\/index.php?rest_route=%2Fwp%2Fv2%2Ftags&post=7749"}],"curies":[{"name":"wp","href":"https:\/\/api.w.org\/{rel}","templated":true}]}}