{"id":7717,"date":"2023-09-17T15:17:16","date_gmt":"2023-09-17T19:17:16","guid":{"rendered":"https:\/\/webdealta.info\/?p=7717"},"modified":"2023-09-17T15:17:17","modified_gmt":"2023-09-17T19:17:17","slug":"con-caminata-inicio-aniversario-56-de-la-parroquia-san-jose-obrero","status":"publish","type":"post","link":"https:\/\/webdealta.info\/?p=7717","title":{"rendered":"Con caminata inici\u00f3 aniversario 56 de la parroquia San Jos\u00e9 Obrero"},"content":{"rendered":"\n<p>Amanda Saldivia.-<\/p>\n\n\n\n<p>La parroquia San Jos\u00e9 Obrero arrib\u00f3 a su aniversario n\u00famero 56 y para celebrarlo hubo caminata este s\u00e1bado 16 de septiembre, adem\u00e1s de un momento de oraci\u00f3n; para proseguir este domingo 17 con la Santa Misa oficiada por el padre Luis M\u00e1rquez, en compa\u00f1\u00eda de Monse\u00f1or Ram\u00f3n Jos\u00e9 Aponte, obispo de la Di\u00f3cesis de Valle de la Pascua, quien cumple un recorrido por los templos como parte de la despedida del cargo.<\/p>\n\n\n\n<p>En la ma\u00f1ana del pasado s\u00e1bado, el padre Luis comparti\u00f3 en las redes sociales un escrito en el cual resalta aspectos importantes de la historia de esa parroquia eclesi\u00e1stica de Altagracia de Orituco, entre ellos que por \u201cdecreto del Exc. Mons. Miguel Antonio Salas, el 16 de septiembre de 1967 fue erigida can\u00f3nicamente y designado nuestro primer p\u00e1rroco, el Pbro. Policarpo Kreutle\u201d.<\/p>\n\n\n\n<p>M\u00e1s adelante especifica que desde ese momento a la fecha, la parroquia \u201cha tenido 10 p\u00e1rrocos con el actual. Cada uno de ellos ha aportado lo mejor de s\u00ed, y con ardor misionero y esp\u00edritu apost\u00f3lico han anunciado la Buena Noticia de Jes\u00fas, han testimoniado la fe y han sido signo de esperanza en medio de nuestra comunidad\u201d.<\/p>\n\n\n\n<p>Para el padre Luis, la fecha es el momento oportuno para seguir agradeciendo a Dios por los 56 a\u00f1os, porque considera que \u201cha sido un faro luminoso para nuestra ciudad, y en particular para los 20 sectores que la conforman y para la Iglesia Diocesana de Valle de la Pascua\u201d.<\/p>\n\n\n\n<p>En el escrito compartido mencion\u00f3 que a lo largo de estos a\u00f1os \u201chan sido miles de bautismos, primeras comuniones, confirmaciones, matrimonios, funerales. Miles de hermanos que acerc\u00e1ndose a Cristo han pasado por distintas agrupaciones, pastorales y movimientos. Cu\u00e1ntos nobles catequistas y agentes de apostolado que dieron su tiempo y su ejemplo de fe, para llevar a tantas personas al Se\u00f1or y para comprometerlas con Cristo. Gracias, muchas gracias a todas y todos\u201d.<\/p>\n\n\n\n<p>Es importante resaltar, que posterior a la publicaci\u00f3n del mensaje del padre Luis se comenzaron a concentrar feligreses a las afueras del templo parroquial, para participar en la segunda caminata pro fondos de las mejoras que prosiguen en esa edificaci\u00f3n.<\/p>\n\n\n\n<p>Antes de la partida, el sacerdote record\u00f3 al padre Sim\u00f3n, gu\u00eda espiritual de la parroquia Nuestra Se\u00f1ora de la Paz de Paso Real de Macaira, quien falleci\u00f3 el pasado lunes 11 de septiembre e invit\u00f3 a los presentes a \u201crecordarlo con alegr\u00eda, con esperanza y con la certeza de que el hermano que ya ha partido de este mundo, ahora participa de esa liturgia celeste all\u00e1 en el reino de los cielos\u201d.<\/p>\n\n\n\n<p>@amandasaldivia  <\/p>\n\n\n\n<p><\/p>\n","protected":false},"excerpt":{"rendered":"<p>Amanda Saldivia.- La parroquia San Jos\u00e9 Obrero arrib\u00f3 a su aniversario n\u00famero 56 y para celebrarlo hubo caminata este s\u00e1bado 16 de septiembre, adem\u00e1s de un momento de oraci\u00f3n; para proseguir este domingo 17 con la Santa Misa oficiada por el padre Luis M\u00e1rquez, en compa\u00f1\u00eda de Monse\u00f1or Ram\u00f3n Jos\u00e9<\/p>\n","protected":false},"author":2,"featured_media":7718,"comment_status":"open","ping_status":"open","sticky":false,"template":"","format":"standard","meta":{"advanced_seo_description":"","jetpack_seo_html_title":"","jetpack_seo_noindex":false,"_jetpack_memberships_contains_paid_content":false,"footnotes":"","jetpack_publicize_message":"","jetpack_publicize_feature_enabled":true,"jetpack_social_post_already_shared":true,"jetpack_social_options":{"image_generator_settings":{"template":"highway","enabled":false},"version":2}},"categories":[117,42,251],"tags":[8,7,32],"class_list":["post-7717","post","type-post","status-publish","format-standard","has-post-thumbnail","hentry","category-celebracion","category-iglesia-catolica","category-webdealta","tag-altagraciadeorituco","tag-guarico","tag-webdealta",""],"jetpack_publicize_connections":[],"jetpack_featured_media_url":"https:\/\/webdealta.info\/wp-content\/uploads\/2023\/09\/caminata-banco-obrero-2023-webdealta.png","jetpack_sharing_enabled":true,"jetpack_likes_enabled":true,"jetpack-related-posts":[],"jetpack_shortlink":"https:\/\/wp.me\/pcseDn-20t","_links":{"self":[{"href":"https:\/\/webdealta.info\/index.php?rest_route=\/wp\/v2\/posts\/7717","targetHints":{"allow":["GET"]}}],"collection":[{"href":"https:\/\/webdealta.info\/index.php?rest_route=\/wp\/v2\/posts"}],"about":[{"href":"https:\/\/webdealta.info\/index.php?rest_route=\/wp\/v2\/types\/post"}],"author":[{"embeddable":true,"href":"https:\/\/webdealta.info\/index.php?rest_route=\/wp\/v2\/users\/2"}],"replies":[{"embeddable":true,"href":"https:\/\/webdealta.info\/index.php?rest_route=%2Fwp%2Fv2%2Fcomments&post=7717"}],"version-history":[{"count":1,"href":"https:\/\/webdealta.info\/index.php?rest_route=\/wp\/v2\/posts\/7717\/revisions"}],"predecessor-version":[{"id":7719,"href":"https:\/\/webdealta.info\/index.php?rest_route=\/wp\/v2\/posts\/7717\/revisions\/7719"}],"wp:featuredmedia":[{"embeddable":true,"href":"https:\/\/webdealta.info\/index.php?rest_route=\/wp\/v2\/media\/7718"}],"wp:attachment":[{"href":"https:\/\/webdealta.info\/index.php?rest_route=%2Fwp%2Fv2%2Fmedia&parent=7717"}],"wp:term":[{"taxonomy":"category","embeddable":true,"href":"https:\/\/webdealta.info\/index.php?rest_route=%2Fwp%2Fv2%2Fcategories&post=7717"},{"taxonomy":"post_tag","embeddable":true,"href":"https:\/\/webdealta.info\/index.php?rest_route=%2Fwp%2Fv2%2Ftags&post=7717"}],"curies":[{"name":"wp","href":"https:\/\/api.w.org\/{rel}","templated":true}]}}