{"id":7705,"date":"2023-09-17T13:35:33","date_gmt":"2023-09-17T17:35:33","guid":{"rendered":"https:\/\/webdealta.info\/?p=7705"},"modified":"2023-09-17T13:35:49","modified_gmt":"2023-09-17T17:35:49","slug":"ferias-del-orituco-2023-banda-de-prensa-fue-para-neyre-hernandez","status":"publish","type":"post","link":"https:\/\/webdealta.info\/?p=7705","title":{"rendered":"Ferias del Orituco 2023: banda de Prensa fue para Neyre Hern\u00e1ndez"},"content":{"rendered":"\n<p>Amanda Saldivia.-<\/p>\n\n\n\n<p>Con la presentaci\u00f3n oficial a la prensa de las nueve candidatas que aspiran al reinado de la segunda edici\u00f3n de las Ferias del Renacer del Orituco 2023, inici\u00f3 la programaci\u00f3n de las festividades en honor a San Miguel Arc\u00e1ngel, Santo Patrono del municipio Jos\u00e9 Tadeo Monagas.<\/p>\n\n\n\n<p>En medio de un espect\u00e1culo con m\u00fasica, desfile de las candidatas, acompa\u00f1adas por el show de la agrupaci\u00f3n Danzas Venezuela Viva, se dio paso a la ronda de preguntas formuladas por periodistas, directores de medios de comunicaci\u00f3n social y fot\u00f3grafos, para la escogencia de Miss Prensa, distinci\u00f3n que logr\u00f3 Neyre Hern\u00e1ndez, joven de 24 a\u00f1os de edad, quien destac\u00f3 en expresi\u00f3n corporal, dicci\u00f3n y oratoria.<\/p>\n\n\n\n<p>Esa es la primera banda que se otorga, la cual ser\u00e1 entregada el 29 de septiembre, D\u00eda de San Miguel Arc\u00e1ngel, fecha escogida para elecci\u00f3n de la soberana de las Ferias del Renacer del Orituco 2023, organizada por una junta directiva integrada por funcionarios del ejecutivo regional, alcald\u00eda y colaboradores.<\/p>\n\n\n\n<p>El alcalde Pedro Sol\u00f3rzano y su esposa la Dra. Elsy Rodr\u00edguez, al momento de entregar el obsequio a Neyre Hern\u00e1ndez, destacaron que la intenci\u00f3n de las festividades es resaltar las potencialidades de esta regi\u00f3n, as\u00ed como tambi\u00e9n dar oportunidades a estas jovencitas de formarse en pasarela, oratoria y otras herramientas que les permitan desenvolverse en distintos \u00e1mbitos.<\/p>\n\n\n\n<p>Sobre este \u00faltimo aspecto, la Dra. Elsy Rodr\u00edguez dio a conocer que el grupo de nueve candidatas se trasladar\u00e1n a San Juan de los Morros el pr\u00f3ximo martes, para sostener un encuentro con la primera dama de Gu\u00e1rico Fabiola De C\u00f3rdoba, donde tendr\u00e1n una atenci\u00f3n especial de cuidado de la piel a cargo de una dermat\u00f3loga, clases de oratoria y posteriormente una cena con el gobernador Jos\u00e9 V\u00e1squez.<\/p>\n\n\n\n<p>Las aspirantes a coronarse como reinas son Angy Torres, Eliskar Camacaro, Ver\u00f3nica Hurtado, Sneiber Butter, Franyelis Rubio, Darielvis Le\u00f3n, Gabriela Bandres, Neyre Hern\u00e1ndez y Lidemar Salas, todas talentosas j\u00f3venes que respondieron acertadamente las preguntas formuladas por el jurado calificador.<\/p>\n\n\n\n<p>Este estuvo integrado por Masaya Candelario, directora de Prensa de la alcald\u00eda; Yanett Chique, reportera del noticiero Activa; Anabel Ceballos, periodista cultural; Luisanny Marrero, corresponsal del Sibci Gu\u00e1rico; Luis Aviles, director de la emisora Activa 104.9 FM; Darwin Gonz\u00e1lez, portal digital M\u00edralo en HD; Tirso Cario, fot\u00f3grafo; Eduardo Mart\u00ednez De Munck, fot\u00f3grafo; adem\u00e1s de William Fourneau y la redactora de esta nota como representantes de la Web de Altagracia.<\/p>\n\n\n\n<p>La animaci\u00f3n del evento estuvo a cargo del periodista y locutor Christian Hern\u00e1ndez; mientras que Yorlando Rivero, puso a bailar a los presentes con la interpretaci\u00f3n de temas de Maelo Ruiz y Tito Rojas.<\/p>\n\n\n\n<p>Maryury Su\u00e1rez, responsable del reinado, agradeci\u00f3 la presencia de los medios de comunicaci\u00f3n social; al equipo que la acompa\u00f1\u00f3 en la preparaci\u00f3n de las candidatas, entre ellos Miguel Ortiz, @lagracitana; Rafael Mart\u00ednez, core\u00f3grafo y el grupo de estilistas; as\u00ed como tambi\u00e9n la confianza que deposit\u00f3 el alcalde Pedro Sol\u00f3rzano y la Dra. Elsy Rodr\u00edguez, al designarla como organizadora del reinado, porque es la primera vez que hac\u00eda en su tierra natal, con la experiencia obtenida al participar en el Miss Venezuela en el a\u00f1o 2006.<\/p>\n\n\n\n<p>@amandasaldivia<\/p>\n","protected":false},"excerpt":{"rendered":"<p>Amanda Saldivia.- Con la presentaci\u00f3n oficial a la prensa de las nueve candidatas que aspiran al reinado de la segunda edici\u00f3n de las Ferias del Renacer del Orituco 2023, inici\u00f3 la programaci\u00f3n de las festividades en honor a San Miguel Arc\u00e1ngel, Santo Patrono del municipio Jos\u00e9 Tadeo Monagas. En medio<\/p>\n","protected":false},"author":2,"featured_media":7706,"comment_status":"open","ping_status":"open","sticky":false,"template":"","format":"standard","meta":{"advanced_seo_description":"","jetpack_seo_html_title":"","jetpack_seo_noindex":false,"_jetpack_memberships_contains_paid_content":false,"footnotes":"","jetpack_publicize_message":"","jetpack_publicize_feature_enabled":true,"jetpack_social_post_already_shared":true,"jetpack_social_options":{"image_generator_settings":{"template":"highway","enabled":false},"version":2}},"categories":[335,251],"tags":[8,7,32],"class_list":["post-7705","post","type-post","status-publish","format-standard","has-post-thumbnail","hentry","category-locales","category-webdealta","tag-altagraciadeorituco","tag-guarico","tag-webdealta",""],"jetpack_publicize_connections":[],"jetpack_featured_media_url":"https:\/\/webdealta.info\/wp-content\/uploads\/2023\/09\/reinado-2023-webdealta.png","jetpack_sharing_enabled":true,"jetpack_likes_enabled":true,"jetpack-related-posts":[],"jetpack_shortlink":"https:\/\/wp.me\/pcseDn-20h","_links":{"self":[{"href":"https:\/\/webdealta.info\/index.php?rest_route=\/wp\/v2\/posts\/7705","targetHints":{"allow":["GET"]}}],"collection":[{"href":"https:\/\/webdealta.info\/index.php?rest_route=\/wp\/v2\/posts"}],"about":[{"href":"https:\/\/webdealta.info\/index.php?rest_route=\/wp\/v2\/types\/post"}],"author":[{"embeddable":true,"href":"https:\/\/webdealta.info\/index.php?rest_route=\/wp\/v2\/users\/2"}],"replies":[{"embeddable":true,"href":"https:\/\/webdealta.info\/index.php?rest_route=%2Fwp%2Fv2%2Fcomments&post=7705"}],"version-history":[{"count":1,"href":"https:\/\/webdealta.info\/index.php?rest_route=\/wp\/v2\/posts\/7705\/revisions"}],"predecessor-version":[{"id":7707,"href":"https:\/\/webdealta.info\/index.php?rest_route=\/wp\/v2\/posts\/7705\/revisions\/7707"}],"wp:featuredmedia":[{"embeddable":true,"href":"https:\/\/webdealta.info\/index.php?rest_route=\/wp\/v2\/media\/7706"}],"wp:attachment":[{"href":"https:\/\/webdealta.info\/index.php?rest_route=%2Fwp%2Fv2%2Fmedia&parent=7705"}],"wp:term":[{"taxonomy":"category","embeddable":true,"href":"https:\/\/webdealta.info\/index.php?rest_route=%2Fwp%2Fv2%2Fcategories&post=7705"},{"taxonomy":"post_tag","embeddable":true,"href":"https:\/\/webdealta.info\/index.php?rest_route=%2Fwp%2Fv2%2Ftags&post=7705"}],"curies":[{"name":"wp","href":"https:\/\/api.w.org\/{rel}","templated":true}]}}