{"id":7701,"date":"2023-09-14T22:34:02","date_gmt":"2023-09-15T02:34:02","guid":{"rendered":"https:\/\/webdealta.info\/?p=7701"},"modified":"2023-09-14T22:34:04","modified_gmt":"2023-09-15T02:34:04","slug":"instalaron-lamparas-led-en-plaza-bolivar-de-paso-real","status":"publish","type":"post","link":"https:\/\/webdealta.info\/?p=7701","title":{"rendered":"Instalaron l\u00e1mparas LED en plaza Bol\u00edvar de Paso Real"},"content":{"rendered":"\n<p>Amanda Saldivia.-<\/p>\n\n\n\n<p>La plaza Bol\u00edvar de Paso Real de Macaira, as\u00ed como tambi\u00e9n los alrededores de este espacio p\u00fablico, quedaron iluminados, este jueves 14 de septiembre, con la instalaci\u00f3n de l\u00e1mparas LED que fueron solicitadas a trav\u00e9s de la aplicaci\u00f3n VenApp del 1 x 10 del Buen Gobierno.<\/p>\n\n\n\n<p>La informaci\u00f3n fue dada a conocer por la Prof. Betty Fern\u00e1ndez, comisionada territorial de la gobernaci\u00f3n de Gu\u00e1rico en esa parroquia del municipio Jos\u00e9 Tadeo Monagas, quien aprovech\u00f3 la ocasi\u00f3n para agradecer al personal de Corpoelec por el apoyo, a los Clap, comisionados sectoriales y la comunidad en general.<\/p>\n\n\n\n<p>\u201cDesde hoy qued\u00f3 iluminada, para el disfrute de nuestra gente, las inmediaciones y alrededores de nuestra Plaza Bol\u00edvar, un espacio emblem\u00e1tico de nuestra parroquia, desde la Secretar\u00eda de Gesti\u00f3n Territorial de Paso Real de Macaira, estamos agradecidos de todo coraz\u00f3n con el equipo de Corpoelec Altagracia de Orituco\u201d, dijo la comisionada territorial al momento de compartir las fotograf\u00edas de los trabajos realizados.<\/p>\n\n\n\n<p>@amandasaldivia   <\/p>\n\n\n\n<p><\/p>\n","protected":false},"excerpt":{"rendered":"<p>Amanda Saldivia.- La plaza Bol\u00edvar de Paso Real de Macaira, as\u00ed como tambi\u00e9n los alrededores de este espacio p\u00fablico, quedaron iluminados, este jueves 14 de septiembre, con la instalaci\u00f3n de l\u00e1mparas LED que fueron solicitadas a trav\u00e9s de la aplicaci\u00f3n VenApp del 1 x 10 del Buen Gobierno. La informaci\u00f3n<\/p>\n","protected":false},"author":2,"featured_media":7702,"comment_status":"open","ping_status":"open","sticky":false,"template":"","format":"standard","meta":{"advanced_seo_description":"","jetpack_seo_html_title":"","jetpack_seo_noindex":false,"_jetpack_memberships_contains_paid_content":false,"footnotes":"","jetpack_publicize_message":"","jetpack_publicize_feature_enabled":true,"jetpack_social_post_already_shared":true,"jetpack_social_options":{"image_generator_settings":{"template":"highway","enabled":false},"version":2}},"categories":[335,251],"tags":[8,7,32],"class_list":["post-7701","post","type-post","status-publish","format-standard","has-post-thumbnail","hentry","category-locales","category-webdealta","tag-altagraciadeorituco","tag-guarico","tag-webdealta",""],"jetpack_publicize_connections":[],"jetpack_featured_media_url":"https:\/\/webdealta.info\/wp-content\/uploads\/2023\/09\/foto-paso-real-webdealta.png","jetpack_sharing_enabled":true,"jetpack_likes_enabled":true,"jetpack-related-posts":[],"jetpack_shortlink":"https:\/\/wp.me\/pcseDn-20d","_links":{"self":[{"href":"https:\/\/webdealta.info\/index.php?rest_route=\/wp\/v2\/posts\/7701","targetHints":{"allow":["GET"]}}],"collection":[{"href":"https:\/\/webdealta.info\/index.php?rest_route=\/wp\/v2\/posts"}],"about":[{"href":"https:\/\/webdealta.info\/index.php?rest_route=\/wp\/v2\/types\/post"}],"author":[{"embeddable":true,"href":"https:\/\/webdealta.info\/index.php?rest_route=\/wp\/v2\/users\/2"}],"replies":[{"embeddable":true,"href":"https:\/\/webdealta.info\/index.php?rest_route=%2Fwp%2Fv2%2Fcomments&post=7701"}],"version-history":[{"count":1,"href":"https:\/\/webdealta.info\/index.php?rest_route=\/wp\/v2\/posts\/7701\/revisions"}],"predecessor-version":[{"id":7703,"href":"https:\/\/webdealta.info\/index.php?rest_route=\/wp\/v2\/posts\/7701\/revisions\/7703"}],"wp:featuredmedia":[{"embeddable":true,"href":"https:\/\/webdealta.info\/index.php?rest_route=\/wp\/v2\/media\/7702"}],"wp:attachment":[{"href":"https:\/\/webdealta.info\/index.php?rest_route=%2Fwp%2Fv2%2Fmedia&parent=7701"}],"wp:term":[{"taxonomy":"category","embeddable":true,"href":"https:\/\/webdealta.info\/index.php?rest_route=%2Fwp%2Fv2%2Fcategories&post=7701"},{"taxonomy":"post_tag","embeddable":true,"href":"https:\/\/webdealta.info\/index.php?rest_route=%2Fwp%2Fv2%2Ftags&post=7701"}],"curies":[{"name":"wp","href":"https:\/\/api.w.org\/{rel}","templated":true}]}}