{"id":7697,"date":"2023-09-13T21:20:55","date_gmt":"2023-09-14T01:20:55","guid":{"rendered":"https:\/\/webdealta.info\/?p=7697"},"modified":"2023-09-13T21:21:08","modified_gmt":"2023-09-14T01:21:08","slug":"ferias-del-orituco-2023-en-espectaculo-presentaran-a-las-10-candidatas","status":"publish","type":"post","link":"https:\/\/webdealta.info\/?p=7697","title":{"rendered":"Ferias del Orituco 2023: en espect\u00e1culo presentar\u00e1n a las 10 candidatas"},"content":{"rendered":"\n<p>Amanda Saldivia.-<\/p>\n\n\n\n<p>Maryury Su\u00e1rez, ex miss Anzo\u00e1tegui 2006 y responsable de la coordinaci\u00f3n del reinado de las Ferias del Orituco 2023, anunci\u00f3 que el pr\u00f3ximo s\u00e1bado 16 de septiembre ser\u00e1 presentadas oficialmente a la prensa y al pueblo de Altagracia de Orituco, las 10 candidatas que aspiran coronarse como soberana de esta regi\u00f3n del estado Gu\u00e1rico.<\/p>\n\n\n\n<p>\u201cHabr\u00e1 muchas sorpresas, m\u00fasica en vivo, el doble de la voz de Maelo Ruiz y Tito Rojas, tambi\u00e9n vamos a tener un animador de lujo, como lo es el periodista y actor Christian Hern\u00e1ndez\u201d, dijo Su\u00e1rez sobre el evento que se realizar\u00e1 en la Casa Canaria.<\/p>\n\n\n\n<p>Aprovech\u00f3 para invitar a que acompa\u00f1en a las 10 candidatas en \u201cesa bonita experiencia\u201d y adelant\u00f3 que ser\u00e1 un excelente espect\u00e1culo con entradas populares e impecable puesta en escena, porque est\u00e1 todo el equipo, junto a las participantes, dando lo mejor para que evento sea de realce para el Orituco.<\/p>\n\n\n\n<p>Es importante mencionar que Maryury Su\u00e1rez est\u00e1 acompa\u00f1ada en la organizaci\u00f3n del reinado por Miguel Ort\u00edz, @lagracitana, responsable de pasarela; Rafael Mart\u00ednez, coreograf\u00eda; adem\u00e1s estilistas locales, entre ellos Lenin Torrealba.<\/p>\n\n\n\n<p>@amandasaldivia<\/p>\n","protected":false},"excerpt":{"rendered":"<p>Amanda Saldivia.- Maryury Su\u00e1rez, ex miss Anzo\u00e1tegui 2006 y responsable de la coordinaci\u00f3n del reinado de las Ferias del Orituco 2023, anunci\u00f3 que el pr\u00f3ximo s\u00e1bado 16 de septiembre ser\u00e1 presentadas oficialmente a la prensa y al pueblo de Altagracia de Orituco, las 10 candidatas que aspiran coronarse como soberana<\/p>\n","protected":false},"author":2,"featured_media":7698,"comment_status":"open","ping_status":"open","sticky":false,"template":"","format":"standard","meta":{"advanced_seo_description":"","jetpack_seo_html_title":"","jetpack_seo_noindex":false,"_jetpack_memberships_contains_paid_content":false,"footnotes":"","jetpack_publicize_message":"","jetpack_publicize_feature_enabled":true,"jetpack_social_post_already_shared":true,"jetpack_social_options":{"image_generator_settings":{"template":"highway","enabled":false},"version":2}},"categories":[335,251],"tags":[8,7,32],"class_list":["post-7697","post","type-post","status-publish","format-standard","has-post-thumbnail","hentry","category-locales","category-webdealta","tag-altagraciadeorituco","tag-guarico","tag-webdealta",""],"jetpack_publicize_connections":[],"jetpack_featured_media_url":"https:\/\/webdealta.info\/wp-content\/uploads\/2023\/09\/presentacion-a-la-prensa-ferias-del-orituco-2023-webdealta.png","jetpack_sharing_enabled":true,"jetpack_likes_enabled":true,"jetpack-related-posts":[],"jetpack_shortlink":"https:\/\/wp.me\/pcseDn-209","_links":{"self":[{"href":"https:\/\/webdealta.info\/index.php?rest_route=\/wp\/v2\/posts\/7697","targetHints":{"allow":["GET"]}}],"collection":[{"href":"https:\/\/webdealta.info\/index.php?rest_route=\/wp\/v2\/posts"}],"about":[{"href":"https:\/\/webdealta.info\/index.php?rest_route=\/wp\/v2\/types\/post"}],"author":[{"embeddable":true,"href":"https:\/\/webdealta.info\/index.php?rest_route=\/wp\/v2\/users\/2"}],"replies":[{"embeddable":true,"href":"https:\/\/webdealta.info\/index.php?rest_route=%2Fwp%2Fv2%2Fcomments&post=7697"}],"version-history":[{"count":1,"href":"https:\/\/webdealta.info\/index.php?rest_route=\/wp\/v2\/posts\/7697\/revisions"}],"predecessor-version":[{"id":7699,"href":"https:\/\/webdealta.info\/index.php?rest_route=\/wp\/v2\/posts\/7697\/revisions\/7699"}],"wp:featuredmedia":[{"embeddable":true,"href":"https:\/\/webdealta.info\/index.php?rest_route=\/wp\/v2\/media\/7698"}],"wp:attachment":[{"href":"https:\/\/webdealta.info\/index.php?rest_route=%2Fwp%2Fv2%2Fmedia&parent=7697"}],"wp:term":[{"taxonomy":"category","embeddable":true,"href":"https:\/\/webdealta.info\/index.php?rest_route=%2Fwp%2Fv2%2Fcategories&post=7697"},{"taxonomy":"post_tag","embeddable":true,"href":"https:\/\/webdealta.info\/index.php?rest_route=%2Fwp%2Fv2%2Ftags&post=7697"}],"curies":[{"name":"wp","href":"https:\/\/api.w.org\/{rel}","templated":true}]}}