{"id":7680,"date":"2023-09-11T20:55:07","date_gmt":"2023-09-12T00:55:07","guid":{"rendered":"https:\/\/webdealta.info\/?p=7680"},"modified":"2023-09-11T20:55:17","modified_gmt":"2023-09-12T00:55:17","slug":"iglesia-lamenta-el-sensible-fallecimiento-del-padre-simon-ramirez","status":"publish","type":"post","link":"https:\/\/webdealta.info\/?p=7680","title":{"rendered":"Iglesia lamenta el sensible fallecimiento del padre Sim\u00f3n Ram\u00edrez"},"content":{"rendered":"\n<p>Amanda Saldivia.-<\/p>\n\n\n\n<p>En medio de la Misa de Acci\u00f3n de Gracias por el D\u00eda de Nuestra Se\u00f1ora de Coromoto, Patrona de Venezuela, el padre Cruz Mujica, Vicario de la Di\u00f3cesis de Valle de la Pascua, anunci\u00f3 el sensible fallecimiento del padre Sim\u00f3n Ernesto Ram\u00edrez, gu\u00eda espiritual de la parroquia Nuestra Se\u00f1ora de la Paz de Paso Real de Macaira.<\/p>\n\n\n\n<p>\u201cCon penoso deber debo comunicarles, para quienes no est\u00e1n al corriente, el sensible fallecimiento del padre Sim\u00f3n, p\u00e1rroco de Paso Real, quien lamentablemente falleci\u00f3 el d\u00eda de hoy, lo traer\u00e1n a Paso Real, ah\u00ed ser\u00e1 velado, habr\u00e1 una eucarist\u00eda en la ma\u00f1ana\u2026y de all\u00ed ser\u00e1 llevado a Valle de la Pascua\u2026estamos encomend\u00e1ndole esta Santa Misa por el descanso eterno de \u00e9l\u201d, expres\u00f3 el padre Mujica durante la homil\u00eda en la Iglesia Nuestra Se\u00f1ora de Altagracia.<\/p>\n\n\n\n<p>Se conoci\u00f3 por fuentes ligadas a la iglesia, que el padre Sim\u00f3n, un joven sacerdote de 35 a\u00f1os de edad, present\u00f3 un cuadro de neumon\u00eda con derrame pleural, lo que amerit\u00f3 su traslado a San Juan de los Morros, donde fue intervenido quir\u00fargicamente este lunes. Sin embargo, luego de superar la operaci\u00f3n, le sobrevino un paro card\u00edaco y falleci\u00f3 aproximadamente a la 1:08 minutos de la tarde.<\/p>\n\n\n\n<p>Por su parte, Monse\u00f1or Ram\u00f3n Jos\u00e9 Aponte, Obispo de la Di\u00f3cesis de Valle de la Pascua, emiti\u00f3 una nota de duelo en la cual expres\u00f3 que lamenta el sensible fallecimiento del padre Sim\u00f3n. En ella se puede leer \u201celevamos nuestras s\u00faplicas y plegarias por su descanso eterno y hacemos llegar nuestras palabras de condolencias a sus familiares y amigos\u201d.<\/p>\n\n\n\n<p>La noticia del fallecimiento del padre Sim\u00f3n caus\u00f3 conmoci\u00f3n en Paso Real de Macaira, as\u00ed lo expres\u00f3 Argeli Rodr\u00edguez, al ser contactado por este medio digital en horas de la tarde.<\/p>\n\n\n\n<p>Trascendi\u00f3 que el cuerpo ser\u00e1 velado en la iglesia de esa comunidad desde esta noche, para celebrar la Santa Misa en la ma\u00f1ana de este martes 12 de septiembre, como parte del homenaje de los feligreses a los cuales sirvi\u00f3, no solo todos los pueblos que conforman la parroquia Paso Real de Macaira, sino tambi\u00e9n Sabana Grande de Orituco.<\/p>\n\n\n\n<p>@amandasaldivia<\/p>\n\n\n\n<p>Foto cortes\u00eda  <\/p>\n\n\n\n<p><\/p>\n","protected":false},"excerpt":{"rendered":"<p>Amanda Saldivia.- En medio de la Misa de Acci\u00f3n de Gracias por el D\u00eda de Nuestra Se\u00f1ora de Coromoto, Patrona de Venezuela, el padre Cruz Mujica, Vicario de la Di\u00f3cesis de Valle de la Pascua, anunci\u00f3 el sensible fallecimiento del padre Sim\u00f3n Ernesto Ram\u00edrez, gu\u00eda espiritual de la parroquia Nuestra<\/p>\n","protected":false},"author":2,"featured_media":7681,"comment_status":"open","ping_status":"open","sticky":false,"template":"","format":"standard","meta":{"advanced_seo_description":"","jetpack_seo_html_title":"","jetpack_seo_noindex":false,"_jetpack_memberships_contains_paid_content":false,"footnotes":"","jetpack_publicize_message":"","jetpack_publicize_feature_enabled":true,"jetpack_social_post_already_shared":true,"jetpack_social_options":{"image_generator_settings":{"template":"highway","enabled":false},"version":2}},"categories":[42,251],"tags":[8,7,32],"class_list":["post-7680","post","type-post","status-publish","format-standard","has-post-thumbnail","hentry","category-iglesia-catolica","category-webdealta","tag-altagraciadeorituco","tag-guarico","tag-webdealta",""],"jetpack_publicize_connections":[],"jetpack_featured_media_url":"https:\/\/webdealta.info\/wp-content\/uploads\/2023\/09\/padre-simon-webdealta.png","jetpack_sharing_enabled":true,"jetpack_likes_enabled":true,"jetpack-related-posts":[],"jetpack_shortlink":"https:\/\/wp.me\/pcseDn-1ZS","_links":{"self":[{"href":"https:\/\/webdealta.info\/index.php?rest_route=\/wp\/v2\/posts\/7680","targetHints":{"allow":["GET"]}}],"collection":[{"href":"https:\/\/webdealta.info\/index.php?rest_route=\/wp\/v2\/posts"}],"about":[{"href":"https:\/\/webdealta.info\/index.php?rest_route=\/wp\/v2\/types\/post"}],"author":[{"embeddable":true,"href":"https:\/\/webdealta.info\/index.php?rest_route=\/wp\/v2\/users\/2"}],"replies":[{"embeddable":true,"href":"https:\/\/webdealta.info\/index.php?rest_route=%2Fwp%2Fv2%2Fcomments&post=7680"}],"version-history":[{"count":1,"href":"https:\/\/webdealta.info\/index.php?rest_route=\/wp\/v2\/posts\/7680\/revisions"}],"predecessor-version":[{"id":7682,"href":"https:\/\/webdealta.info\/index.php?rest_route=\/wp\/v2\/posts\/7680\/revisions\/7682"}],"wp:featuredmedia":[{"embeddable":true,"href":"https:\/\/webdealta.info\/index.php?rest_route=\/wp\/v2\/media\/7681"}],"wp:attachment":[{"href":"https:\/\/webdealta.info\/index.php?rest_route=%2Fwp%2Fv2%2Fmedia&parent=7680"}],"wp:term":[{"taxonomy":"category","embeddable":true,"href":"https:\/\/webdealta.info\/index.php?rest_route=%2Fwp%2Fv2%2Fcategories&post=7680"},{"taxonomy":"post_tag","embeddable":true,"href":"https:\/\/webdealta.info\/index.php?rest_route=%2Fwp%2Fv2%2Ftags&post=7680"}],"curies":[{"name":"wp","href":"https:\/\/api.w.org\/{rel}","templated":true}]}}