{"id":7675,"date":"2023-09-10T19:41:30","date_gmt":"2023-09-10T23:41:30","guid":{"rendered":"https:\/\/webdealta.info\/?p=7675"},"modified":"2023-09-10T19:41:31","modified_gmt":"2023-09-10T23:41:31","slug":"casa-canaria-festejo-el-dia-de-nuestra-senora-de-las-nieves","status":"publish","type":"post","link":"https:\/\/webdealta.info\/?p=7675","title":{"rendered":"Casa Canaria festej\u00f3 el D\u00eda de Nuestra Se\u00f1ora de las Nieves"},"content":{"rendered":"\n<p>Amanda Saldivia.-<\/p>\n\n\n\n<p>Robert Concepci\u00f3n, c\u00f3nsul honorario de Espa\u00f1a en Gu\u00e1rico y director general de la C\u00e1mara Venezolano Espa\u00f1ola de Industria y Comercio CAVESPA, estuvo presente en la festividad de la Virgen de las Nieves, celebrada este domingo 10 de septiembre en la Casa Canaria, donde se congregaron peninsulares, isle\u00f1os, descendientes y amigos de esa colonia asentada en Altagracia de Orituco.<\/p>\n\n\n\n<p>Al ofrecer declaraciones sobre la importancia del evento religioso, dijo que era un momento para dar gracias a la Virgen de las Nieves y ratificar el compromiso de trabajar en pro de los casos sociales, entre ellos el traslado a albergues de espa\u00f1oles en situaci\u00f3n de calle, por ejemplo; adem\u00e1s de otros que la crisis econ\u00f3mica los dej\u00f3 en situaci\u00f3n de vulnerabilidad.<\/p>\n\n\n\n<p>Aprovech\u00f3 el contacto con la Web de Altagracia para solicitar que m\u00e1s casos sociales sean elevados, por intermedio de la casa Canaria, al Centro Hispano de El Sombrero, donde un equipo trabaja ah honoren para canalizar las ayudas. &nbsp;<\/p>\n\n\n\n<p>Es importante resaltar que la misa, oficiada por el padre Luis M\u00e1rquez, tuvo una especial connotaci\u00f3n, porque la imagen de Nuestra Se\u00f1ora de las Nieves estuvo acompa\u00f1ada por otras dos advocaciones marianas: la Virgen del Valle y Nuestra Se\u00f1ora de Coromoto, con parte de la hermandad entre ambas naciones.<\/p>\n\n\n\n<p>Le correspondi\u00f3 a Isaura Teresa Rodr\u00edguez, presidenta de la Casa Canaria, dar la bienvenida a los presentes, entre ellos el c\u00f3nsul con quien aborda los tr\u00e1mites sociales; as\u00ed como tambi\u00e9n resaltar a la rondalla T\u00edpica, agrupaci\u00f3n folkl\u00f3rica que desde hace 31 a\u00f1os se \u201cha encargado de mantener, compartir y difundir la cultura canaria a nivel nacional, actualmente con 20 integrantes de diferentes edades y generaciones\u201d.<\/p>\n\n\n\n<p>Fue precisamente la rondalla T\u00edpica de Hogar Canario de Caracas, la que se uni\u00f3 a la eucarist\u00eda para con cantos venerar a la Virgen de las Nieves y posteriormente presentar las danzas y la m\u00fasica que aviv\u00f3 las ra\u00edces isle\u00f1as, entre ellos los procedentes de la isla de La Palma, donde es la Patrona esta advocaci\u00f3n mariana.<\/p>\n\n\n\n<p>@amandasaldivia  <\/p>\n\n\n\n<p><\/p>\n","protected":false},"excerpt":{"rendered":"<p>Amanda Saldivia.- Robert Concepci\u00f3n, c\u00f3nsul honorario de Espa\u00f1a en Gu\u00e1rico y director general de la C\u00e1mara Venezolano Espa\u00f1ola de Industria y Comercio CAVESPA, estuvo presente en la festividad de la Virgen de las Nieves, celebrada este domingo 10 de septiembre en la Casa Canaria, donde se congregaron peninsulares, isle\u00f1os, descendientes<\/p>\n","protected":false},"author":2,"featured_media":7676,"comment_status":"open","ping_status":"open","sticky":false,"template":"","format":"standard","meta":{"advanced_seo_description":"","jetpack_seo_html_title":"","jetpack_seo_noindex":false,"_jetpack_memberships_contains_paid_content":false,"footnotes":"","jetpack_publicize_message":"","jetpack_publicize_feature_enabled":true,"jetpack_social_post_already_shared":true,"jetpack_social_options":{"image_generator_settings":{"template":"highway","enabled":false},"version":2}},"categories":[335,251],"tags":[8,7,32],"class_list":["post-7675","post","type-post","status-publish","format-standard","has-post-thumbnail","hentry","category-locales","category-webdealta","tag-altagraciadeorituco","tag-guarico","tag-webdealta",""],"jetpack_publicize_connections":[],"jetpack_featured_media_url":"https:\/\/webdealta.info\/wp-content\/uploads\/2023\/09\/Virgen-de-las-Nieves-webdealta-canaria.png","jetpack_sharing_enabled":true,"jetpack_likes_enabled":true,"jetpack-related-posts":[],"jetpack_shortlink":"https:\/\/wp.me\/pcseDn-1ZN","_links":{"self":[{"href":"https:\/\/webdealta.info\/index.php?rest_route=\/wp\/v2\/posts\/7675","targetHints":{"allow":["GET"]}}],"collection":[{"href":"https:\/\/webdealta.info\/index.php?rest_route=\/wp\/v2\/posts"}],"about":[{"href":"https:\/\/webdealta.info\/index.php?rest_route=\/wp\/v2\/types\/post"}],"author":[{"embeddable":true,"href":"https:\/\/webdealta.info\/index.php?rest_route=\/wp\/v2\/users\/2"}],"replies":[{"embeddable":true,"href":"https:\/\/webdealta.info\/index.php?rest_route=%2Fwp%2Fv2%2Fcomments&post=7675"}],"version-history":[{"count":1,"href":"https:\/\/webdealta.info\/index.php?rest_route=\/wp\/v2\/posts\/7675\/revisions"}],"predecessor-version":[{"id":7677,"href":"https:\/\/webdealta.info\/index.php?rest_route=\/wp\/v2\/posts\/7675\/revisions\/7677"}],"wp:featuredmedia":[{"embeddable":true,"href":"https:\/\/webdealta.info\/index.php?rest_route=\/wp\/v2\/media\/7676"}],"wp:attachment":[{"href":"https:\/\/webdealta.info\/index.php?rest_route=%2Fwp%2Fv2%2Fmedia&parent=7675"}],"wp:term":[{"taxonomy":"category","embeddable":true,"href":"https:\/\/webdealta.info\/index.php?rest_route=%2Fwp%2Fv2%2Fcategories&post=7675"},{"taxonomy":"post_tag","embeddable":true,"href":"https:\/\/webdealta.info\/index.php?rest_route=%2Fwp%2Fv2%2Ftags&post=7675"}],"curies":[{"name":"wp","href":"https:\/\/api.w.org\/{rel}","templated":true}]}}