{"id":7671,"date":"2023-09-10T18:50:16","date_gmt":"2023-09-10T22:50:16","guid":{"rendered":"https:\/\/webdealta.info\/?p=7671"},"modified":"2023-09-10T18:50:18","modified_gmt":"2023-09-10T22:50:18","slug":"el-poder-del-conocimiento-el-origen-de-la-cancion-venezuela","status":"publish","type":"post","link":"https:\/\/webdealta.info\/?p=7671","title":{"rendered":"El Poder del Conocimiento: el origen de la canci\u00f3n Venezuela"},"content":{"rendered":"\n<p>Amanda Saldivia.-<\/p>\n\n\n\n<p>La canci\u00f3n Venezuela, letra y m\u00fasica de los espa\u00f1oles Pablo Herrero y Jos\u00e9 Luis Armenteros S\u00e1nchez, es considerada una de las composiciones m\u00e1s hermosas sobre nuestro pa\u00eds.<\/p>\n\n\n\n<p>En torno a esa canci\u00f3n hay varios datos curiosos. Uno es que supuestamente fue compuesta para Jos\u00e9 Luis Rodr\u00edguez, El Puma, pero este nunca la grab\u00f3 por circunstancias que se desconocen y que lament\u00f3 en cierta oportunidad el artista, a modo de queja, en medio de una entrevista, cuando ya el tema hab\u00eda calado.<\/p>\n\n\n\n<p>Tambi\u00e9n se dec\u00eda que la letra que describe las maravillas de nuestro pa\u00eds con tanto sentimiento, fue escrita en 1980, sin que los compositores conocieran esta tierra, pero eso fue aclarado posteriormente por ellos, al afirmar que frecuentaban Venezuela por razones de trabajo.<\/p>\n\n\n\n<p>En una oportunidad, Pablo Herrero dijo al portal Am\u00e9rica Nuestra: \u201ccreo que soy venezolano por adopci\u00f3n, porque quiero serlo, esa canci\u00f3n me sali\u00f3 del alma\u2026tienen un fabuloso pa\u00eds, magn\u00edfico en sus contrastes, en sus paisajes, pero sobre todo su gente\u201d.<\/p>\n\n\n\n<p>El primero en grabar Venezuela fue un cantante llamado Balbino y despu\u00e9s ha sido interpretada por otros artistas de renombre, entre ellos Sim\u00f3n D\u00edaz, Bert\u00edn Osborne y Luis Silva.<\/p>\n\n\n\n<p>Otro dato interesante son las grabaciones en varios idiomas y hasta en lengua ind\u00edgena. Es que esta composici\u00f3n es tan importante, que por lo general est\u00e1 incluida en el repertorio de los artistas que se presentan en concierto en nuestro pa\u00eds o en los lugares donde saben que hay presencia de venezolanos que llorar\u00e1n al escuchar \u201cLlevo tu luz y tu aroma en mi piel\u201d.<\/p>\n\n\n\n<p>@amandasaldivia  <\/p>\n\n\n\n<p><\/p>\n","protected":false},"excerpt":{"rendered":"<p>Amanda Saldivia.- La canci\u00f3n Venezuela, letra y m\u00fasica de los espa\u00f1oles Pablo Herrero y Jos\u00e9 Luis Armenteros S\u00e1nchez, es considerada una de las composiciones m\u00e1s hermosas sobre nuestro pa\u00eds. En torno a esa canci\u00f3n hay varios datos curiosos. Uno es que supuestamente fue compuesta para Jos\u00e9 Luis Rodr\u00edguez, El Puma,<\/p>\n","protected":false},"author":2,"featured_media":7672,"comment_status":"open","ping_status":"open","sticky":false,"template":"","format":"standard","meta":{"advanced_seo_description":"","jetpack_seo_html_title":"","jetpack_seo_noindex":false,"_jetpack_memberships_contains_paid_content":false,"footnotes":"","jetpack_publicize_message":"","jetpack_publicize_feature_enabled":true,"jetpack_social_post_already_shared":true,"jetpack_social_options":{"image_generator_settings":{"template":"highway","enabled":false},"version":2}},"categories":[302,251],"tags":[8,7,32],"class_list":["post-7671","post","type-post","status-publish","format-standard","has-post-thumbnail","hentry","category-el-poder-del-conocimiento","category-webdealta","tag-altagraciadeorituco","tag-guarico","tag-webdealta",""],"jetpack_publicize_connections":[],"jetpack_featured_media_url":"https:\/\/webdealta.info\/wp-content\/uploads\/2023\/09\/cancion-venezuela-webdealta.png","jetpack_sharing_enabled":true,"jetpack_likes_enabled":true,"jetpack-related-posts":[],"jetpack_shortlink":"https:\/\/wp.me\/pcseDn-1ZJ","_links":{"self":[{"href":"https:\/\/webdealta.info\/index.php?rest_route=\/wp\/v2\/posts\/7671","targetHints":{"allow":["GET"]}}],"collection":[{"href":"https:\/\/webdealta.info\/index.php?rest_route=\/wp\/v2\/posts"}],"about":[{"href":"https:\/\/webdealta.info\/index.php?rest_route=\/wp\/v2\/types\/post"}],"author":[{"embeddable":true,"href":"https:\/\/webdealta.info\/index.php?rest_route=\/wp\/v2\/users\/2"}],"replies":[{"embeddable":true,"href":"https:\/\/webdealta.info\/index.php?rest_route=%2Fwp%2Fv2%2Fcomments&post=7671"}],"version-history":[{"count":1,"href":"https:\/\/webdealta.info\/index.php?rest_route=\/wp\/v2\/posts\/7671\/revisions"}],"predecessor-version":[{"id":7673,"href":"https:\/\/webdealta.info\/index.php?rest_route=\/wp\/v2\/posts\/7671\/revisions\/7673"}],"wp:featuredmedia":[{"embeddable":true,"href":"https:\/\/webdealta.info\/index.php?rest_route=\/wp\/v2\/media\/7672"}],"wp:attachment":[{"href":"https:\/\/webdealta.info\/index.php?rest_route=%2Fwp%2Fv2%2Fmedia&parent=7671"}],"wp:term":[{"taxonomy":"category","embeddable":true,"href":"https:\/\/webdealta.info\/index.php?rest_route=%2Fwp%2Fv2%2Fcategories&post=7671"},{"taxonomy":"post_tag","embeddable":true,"href":"https:\/\/webdealta.info\/index.php?rest_route=%2Fwp%2Fv2%2Ftags&post=7671"}],"curies":[{"name":"wp","href":"https:\/\/api.w.org\/{rel}","templated":true}]}}