{"id":7666,"date":"2023-09-10T18:00:00","date_gmt":"2023-09-10T22:00:00","guid":{"rendered":"https:\/\/webdealta.info\/?p=7666"},"modified":"2023-09-10T18:00:06","modified_gmt":"2023-09-10T22:00:06","slug":"caminata-por-el-dia-mundial-de-la-prevencion-del-suicidio","status":"publish","type":"post","link":"https:\/\/webdealta.info\/?p=7666","title":{"rendered":"Caminata por el D\u00eda Mundial de la Prevenci\u00f3n del Suicidio"},"content":{"rendered":"\n<p>Amanda Saldivia.-<\/p>\n\n\n\n<p>El D\u00eda Mundial de la Prevenci\u00f3n del Suicidio fue visibilizado en Altagracia de Orituco con caminata, encuentros deportivos y danzas, como un tributo a la memoria de j\u00f3venes que la depresi\u00f3n los llev\u00f3 a quitarse la vida, entre ellos Jes\u00fas Mora, cuya madre lider\u00f3 la actividad para anunciar el lanzamiento de una fundaci\u00f3n que llevar\u00e1 por nombre Orbit El Mundo de Jes\u00fas.<\/p>\n\n\n\n<p>La jornada se realiz\u00f3 este domingo 10 de septiembre, con la caminata que parti\u00f3 desde el sector Saladillo y culmin\u00f3 en la cancha La Cuman\u00e1, donde fue presentada la naciente fundaci\u00f3n, la cual fue iniciativa de Deyris Coronil, madre de Jes\u00fas Mora, acompa\u00f1ada por profesionales gracitanos en diferentes \u00e1reas.<\/p>\n\n\n\n<p>Al declarar a la Web de Altagracia, Deyris Coronil se\u00f1al\u00f3 que hay que dejar el tab\u00fa sobre este tema, en el sentido de que debe abordarse en el seno familiar la depresi\u00f3n para que el joven sienta que existe una salida, \u201cdecirle s\u00ed a la vida\u201d y buscar ayuda profesional a tiempo.<\/p>\n\n\n\n<p>Tambi\u00e9n en el sector Saladillo, punto de concentraci\u00f3n de la caminata, se encontraba Juan Jos\u00e9 Gonz\u00e1lez, quien quiso dar testimonio de su experiencia, porque \u00e9l intent\u00f3 suicidarse y cree que parte del problema est\u00e1 en que no se busca ayuda debido a la connotaci\u00f3n negativa que tiene acudir al psiquiatra y tomar tratamiento.<\/p>\n\n\n\n<figure class=\"wp-block-image size-large\"><img loading=\"lazy\" decoding=\"async\" width=\"1024\" height=\"546\" src=\"https:\/\/webdealta.info\/wp-content\/uploads\/2023\/09\/siucidui-dos-webdealta-1024x546.png\" alt=\"\" class=\"wp-image-7668\" srcset=\"https:\/\/webdealta.info\/wp-content\/uploads\/2023\/09\/siucidui-dos-webdealta.png 1024w, https:\/\/webdealta.info\/wp-content\/uploads\/2023\/09\/siucidui-dos-webdealta.png 300w, https:\/\/webdealta.info\/wp-content\/uploads\/2023\/09\/siucidui-dos-webdealta.png 768w, https:\/\/webdealta.info\/wp-content\/uploads\/2023\/09\/siucidui-dos-webdealta.png 1170w, https:\/\/webdealta.info\/wp-content\/uploads\/2023\/09\/siucidui-dos-webdealta.png 1500w, https:\/\/webdealta.info\/wp-content\/uploads\/2023\/09\/siucidui-dos-webdealta.png 1280w\" sizes=\"auto, (max-width: 640px) 100vw, 640px\" \/><\/figure>\n\n\n\n<p>\u201cNo est\u00e1n solos, busquen a un amigo, hagan terapia cognitiva, conductual, ejercita tu cerebro, camina, lleva sol de la ma\u00f1ana, juega ajedrez, ve con un amigo t\u00f3mate un caf\u00e9, p\u00e1rate de esa cama y ve con la mejor persona que t\u00fa consideres que te pueda ayudar\u2026yo te apoyo en la decisi\u00f3n de acudir a un profesional\u201d, expres\u00f3 Juan Jos\u00e9 Gonz\u00e1lez como recomendaci\u00f3n.<\/p>\n\n\n\n<p>La naciente fundaci\u00f3n est\u00e1 constituida por \u00e1reas. En salud la Dra. Rosa Pedroso y el TSU en Enfermer\u00eda Eduar Leal; Social, la Lcda. Mileidys \u00c1lvarez y Msc. Marlis P\u00e1rima; Relaciones P\u00fablicas los periodistas Miguel Aular y Manuel Sierra; Tesorera Lcda. en Contadur\u00eda P\u00fablica Luz Marina Flores; Secretaria, Edgimar Alfaro y la presidenta Deyris Coronil, adem\u00e1s de la colaboraci\u00f3n de la parroquia San Jos\u00e9 Obrero, la Iglesia Enmanuel, el Ministerio P\u00fablico, el CICPC y la ASIC del municipio Jos\u00e9 Tadeo Monagas.<\/p>\n\n\n\n<p>Para cerrar el D\u00eda Mundial de la Prevenci\u00f3n del Suicidio hubo presentaci\u00f3n de danzas de la Agrupaci\u00f3n Alpargata, Drama y Son, adem\u00e1s de un partido amistoso de basquetbol, disciplina que practicaba Jes\u00fas Mora.<\/p>\n\n\n\n<p>@amandasaldivia   <\/p>\n","protected":false},"excerpt":{"rendered":"<p>Amanda Saldivia.- El D\u00eda Mundial de la Prevenci\u00f3n del Suicidio fue visibilizado en Altagracia de Orituco con caminata, encuentros deportivos y danzas, como un tributo a la memoria de j\u00f3venes que la depresi\u00f3n los llev\u00f3 a quitarse la vida, entre ellos Jes\u00fas Mora, cuya madre lider\u00f3 la actividad para anunciar<\/p>\n","protected":false},"author":2,"featured_media":7667,"comment_status":"open","ping_status":"open","sticky":false,"template":"","format":"standard","meta":{"advanced_seo_description":"","jetpack_seo_html_title":"","jetpack_seo_noindex":false,"_jetpack_memberships_contains_paid_content":false,"footnotes":"","jetpack_publicize_message":"","jetpack_publicize_feature_enabled":true,"jetpack_social_post_already_shared":true,"jetpack_social_options":{"image_generator_settings":{"template":"highway","enabled":false},"version":2}},"categories":[12,251],"tags":[8,7,32],"class_list":["post-7666","post","type-post","status-publish","format-standard","has-post-thumbnail","hentry","category-salud","category-webdealta","tag-altagraciadeorituco","tag-guarico","tag-webdealta",""],"jetpack_publicize_connections":[],"jetpack_featured_media_url":"https:\/\/webdealta.info\/wp-content\/uploads\/2023\/09\/nota-suicidio-1-webdealta.png","jetpack_sharing_enabled":true,"jetpack_likes_enabled":true,"jetpack-related-posts":[],"jetpack_shortlink":"https:\/\/wp.me\/pcseDn-1ZE","_links":{"self":[{"href":"https:\/\/webdealta.info\/index.php?rest_route=\/wp\/v2\/posts\/7666","targetHints":{"allow":["GET"]}}],"collection":[{"href":"https:\/\/webdealta.info\/index.php?rest_route=\/wp\/v2\/posts"}],"about":[{"href":"https:\/\/webdealta.info\/index.php?rest_route=\/wp\/v2\/types\/post"}],"author":[{"embeddable":true,"href":"https:\/\/webdealta.info\/index.php?rest_route=\/wp\/v2\/users\/2"}],"replies":[{"embeddable":true,"href":"https:\/\/webdealta.info\/index.php?rest_route=%2Fwp%2Fv2%2Fcomments&post=7666"}],"version-history":[{"count":1,"href":"https:\/\/webdealta.info\/index.php?rest_route=\/wp\/v2\/posts\/7666\/revisions"}],"predecessor-version":[{"id":7669,"href":"https:\/\/webdealta.info\/index.php?rest_route=\/wp\/v2\/posts\/7666\/revisions\/7669"}],"wp:featuredmedia":[{"embeddable":true,"href":"https:\/\/webdealta.info\/index.php?rest_route=\/wp\/v2\/media\/7667"}],"wp:attachment":[{"href":"https:\/\/webdealta.info\/index.php?rest_route=%2Fwp%2Fv2%2Fmedia&parent=7666"}],"wp:term":[{"taxonomy":"category","embeddable":true,"href":"https:\/\/webdealta.info\/index.php?rest_route=%2Fwp%2Fv2%2Fcategories&post=7666"},{"taxonomy":"post_tag","embeddable":true,"href":"https:\/\/webdealta.info\/index.php?rest_route=%2Fwp%2Fv2%2Ftags&post=7666"}],"curies":[{"name":"wp","href":"https:\/\/api.w.org\/{rel}","templated":true}]}}