{"id":7659,"date":"2023-09-09T11:01:35","date_gmt":"2023-09-09T15:01:35","guid":{"rendered":"https:\/\/webdealta.info\/?p=7659"},"modified":"2023-09-10T20:00:53","modified_gmt":"2023-09-11T00:00:53","slug":"ministro-de-cultura-inauguro-filven-2023-desde-altagracia-de-orituco","status":"publish","type":"post","link":"https:\/\/webdealta.info\/?p=7659","title":{"rendered":"Ministro de Cultura inaugur\u00f3 FILVEN 2023 desde Altagracia de Orituco"},"content":{"rendered":"\n<p>Amanda Saldivia.-<\/p>\n\n\n\n<p>Con una muestra de las tradiciones musicales y danc\u00edsticas del municipio Jos\u00e9 Tadeo Monagas fue recibido Ernesto Villegas, ministro de Cultura, quien desde Altagracia de Orituco inaugur\u00f3 la Feria Internacional del Libro en su edici\u00f3n n\u00famero 18, acompa\u00f1ado por el alcalde Pedro Sol\u00f3rzano, el diputado Fernando Soto Rojas, el general Roger Cordero Lara, secretario general de gobierno de Gu\u00e1rico y dem\u00e1s funcionarios del ejecutivo regional y municipal.<\/p>\n\n\n\n<p>\u201cFeliz de estar aqu\u00ed nuevamente y adem\u00e1s de que sea un buen pretexto el libro para visibilizar las disciplinas art\u00edsticas, porque la Feria Internacional del Libro de Venezuela, por donde va pasando en sus cap\u00edtulos regionales, va sirviendo de vitrina para la inmensa diversidad cultural venezolana\u201d, expres\u00f3 el ministro de Cultura al ser abordado por este medio digital a su llegada a la sede de la alcald\u00eda, en compa\u00f1\u00eda del alcalde Pedro Sol\u00f3rzano.<\/p>\n\n\n\n<p>Sobre la Feria Internacional del Libro, el ministro Villegas dijo que est\u00e1 \u201cmuy orgulloso de todos los cultores, artistas, creadores, particularmente de los escritores, poetas, todos los oficios vinculados al libro\u2026la Filven es un derecho adquirido despu\u00e9s de 18 a\u00f1os de realizada la primera de ellas y no pod\u00eda quedar por fuera el estado Gu\u00e1rico y particularmente Altagracia de Orituco\u201d.<\/p>\n\n\n\n<p>Por su parte, el alcalde Pedro Sol\u00f3rzano se mostr\u00f3 complacido con la presencia del ministro de Cultura en tierra gracitana y desde aqu\u00ed poder hacer el lanzamiento de la Filven, \u201cuna tierra que tiene un contenido cultural, literario bastante nutrido, la Feria Internacional del Libro, m\u00e1s all\u00e1 de visibilizar el municipio Monagas con todas sus potencializades, es para reencontrarnos\u00bb.<\/p>\n\n\n\n<p>El evento, donde el homenajeado fue el cronista Dr. Carlos L\u00f3pez Garc\u00e9s, comenz\u00f3 con la presentaci\u00f3n del canto de Guara\u00f1as y Mariselas a cargo de la agrupaci\u00f3n Los Hermanos Landaeta, para luego dar paso al tambor del Orituco con Andr\u00e9s Reyes, director de la Casa de la Cultura Jes\u00fas Bandres; seguido de los Kimb\u00e1nganos de Lezama y San Rafael de Orituco, estos \u00faltimos junto a la Fundaci\u00f3n de Artes Esc\u00e9nicas Santa B\u00e1rbara, para cerrar con el joropo llanero, baile ejecutado ni\u00f1os preparados por la cultora Silene Valero.<\/p>\n\n\n\n<p>En medio de la presentaci\u00f3n de los Kimb\u00e1nganos de Lezama, y mediante versos improvisados, el cantador le narr\u00f3 el ministro Ernesto Villegas las condiciones de la Casa Amarilla, edificaci\u00f3n que forma parte del patrimonio de la naci\u00f3n y que requiere ser recuperada, porque ah\u00ed se realiza el velorio a San Juan Bautista, Santo del cual son creyentes.<\/p>\n\n\n\n<p>Posteriormente, el ministro de Cultura y las autoridades, realizaron el recorrido por la feria instalada a las afueras de la alcald\u00eda, para dar paso un acto protocolar en el sal\u00f3n Sim\u00f3n Bol\u00edvar donde el alcalde Pedro Sol\u00f3rzano distingui\u00f3 al ministro Ernesto Villegas como Hijo Adoptivo del municipio Monagas, as\u00ed como tambi\u00e9n entreg\u00f3 placa de reconocimiento al Dr. Carlos L\u00f3pez Garc\u00e9s, por las investigaciones sobre la historia local.<\/p>\n\n\n\n<p>El lema de la Filven 2023 es \u201cleer descoloniza\u201d. Este s\u00e1bado contin\u00faa en la plaza Bol\u00edvar de Altagracia la exposici\u00f3n de libro, entre ellos cuentos infantiles.<\/p>\n\n\n\n<p>@amandasaldivia  <\/p>\n\n\n\n<p><\/p>\n\n\n\n<p><\/p>\n","protected":false},"excerpt":{"rendered":"<p>Amanda Saldivia.- Con una muestra de las tradiciones musicales y danc\u00edsticas del municipio Jos\u00e9 Tadeo Monagas fue recibido Ernesto Villegas, ministro de Cultura, quien desde Altagracia de Orituco inaugur\u00f3 la Feria Internacional del Libro en su edici\u00f3n n\u00famero 18, acompa\u00f1ado por el alcalde Pedro Sol\u00f3rzano, el diputado Fernando Soto Rojas,<\/p>\n","protected":false},"author":2,"featured_media":7660,"comment_status":"open","ping_status":"open","sticky":false,"template":"","format":"standard","meta":{"advanced_seo_description":"","jetpack_seo_html_title":"","jetpack_seo_noindex":false,"_jetpack_memberships_contains_paid_content":false,"footnotes":"","jetpack_publicize_message":"","jetpack_publicize_feature_enabled":true,"jetpack_social_post_already_shared":true,"jetpack_social_options":{"image_generator_settings":{"template":"highway","enabled":false},"version":2}},"categories":[335,251],"tags":[8,7,32],"class_list":["post-7659","post","type-post","status-publish","format-standard","has-post-thumbnail","hentry","category-locales","category-webdealta","tag-altagraciadeorituco","tag-guarico","tag-webdealta",""],"jetpack_publicize_connections":[],"jetpack_featured_media_url":"https:\/\/webdealta.info\/wp-content\/uploads\/2023\/09\/ministro-villegas-en-altagracia-webdealta.png","jetpack_sharing_enabled":true,"jetpack_likes_enabled":true,"jetpack-related-posts":[],"jetpack_shortlink":"https:\/\/wp.me\/pcseDn-1Zx","_links":{"self":[{"href":"https:\/\/webdealta.info\/index.php?rest_route=\/wp\/v2\/posts\/7659","targetHints":{"allow":["GET"]}}],"collection":[{"href":"https:\/\/webdealta.info\/index.php?rest_route=\/wp\/v2\/posts"}],"about":[{"href":"https:\/\/webdealta.info\/index.php?rest_route=\/wp\/v2\/types\/post"}],"author":[{"embeddable":true,"href":"https:\/\/webdealta.info\/index.php?rest_route=\/wp\/v2\/users\/2"}],"replies":[{"embeddable":true,"href":"https:\/\/webdealta.info\/index.php?rest_route=%2Fwp%2Fv2%2Fcomments&post=7659"}],"version-history":[{"count":2,"href":"https:\/\/webdealta.info\/index.php?rest_route=\/wp\/v2\/posts\/7659\/revisions"}],"predecessor-version":[{"id":7678,"href":"https:\/\/webdealta.info\/index.php?rest_route=\/wp\/v2\/posts\/7659\/revisions\/7678"}],"wp:featuredmedia":[{"embeddable":true,"href":"https:\/\/webdealta.info\/index.php?rest_route=\/wp\/v2\/media\/7660"}],"wp:attachment":[{"href":"https:\/\/webdealta.info\/index.php?rest_route=%2Fwp%2Fv2%2Fmedia&parent=7659"}],"wp:term":[{"taxonomy":"category","embeddable":true,"href":"https:\/\/webdealta.info\/index.php?rest_route=%2Fwp%2Fv2%2Fcategories&post=7659"},{"taxonomy":"post_tag","embeddable":true,"href":"https:\/\/webdealta.info\/index.php?rest_route=%2Fwp%2Fv2%2Ftags&post=7659"}],"curies":[{"name":"wp","href":"https:\/\/api.w.org\/{rel}","templated":true}]}}