{"id":7655,"date":"2023-09-08T06:31:16","date_gmt":"2023-09-08T10:31:16","guid":{"rendered":"https:\/\/webdealta.info\/?p=7655"},"modified":"2023-09-09T18:36:24","modified_gmt":"2023-09-09T22:36:24","slug":"racionamiento-electrico-otro-problema-que-impacta-al-sector-comercial","status":"publish","type":"post","link":"https:\/\/webdealta.info\/?p=7655","title":{"rendered":"Racionamiento el\u00e9ctrico: otro problema que impacta al sector comercial"},"content":{"rendered":"\n<p>Amanda Saldivia.-<\/p>\n\n\n\n<p>Los continuos cortes el\u00e9ctricos, por lapsos entre cuatro y cinco horas, afectan al sector comercial y de servicios de Altagracia de Orituco, el cual ya tiene que lidiar con el impacto de bajas ventas, altas tarifas de servicios p\u00fablicos y el pago de las obligaciones fiscales.<\/p>\n\n\n\n<p>As\u00ed lo expres\u00f3 Sixto Coronil, comerciante gracitano y directivo de la C\u00e1mara de Comercio del municipio Monagas, quien detall\u00f3 el impacto negativo que ha tra\u00eddo como consecuencia el racionamiento el\u00e9ctrico, entre ellos puntualiz\u00f3 que \u201cdificultan los medios de pago, se da\u00f1an equipos y mercanc\u00edas, los consumidores limitan sus visitas a los establecimientos comerciales y los prestadores de servicio se ven imposibilitados de ejercer sus actividades, todo ello afecta el flujo de caja de nuestras empresas\u201d.<\/p>\n\n\n\n<p>Las declaraciones las ofreci\u00f3 en la tarde de este jueves 7 de septiembre, en el programa Tiempo de Cambios, que se transmite por la emisora Activa 104.9 FM, despu\u00e9s de un corte que se prolong\u00f3 por cinco horas, en lo que Corpoelec identifica con el nombre de circuito el\u00e9ctrico Altagracia I, que abarca parte del casco central de esta poblaci\u00f3n guarique\u00f1a, donde tambi\u00e9n est\u00e1n ubicadas las entidades bancarias y entes gubernamentales.<\/p>\n\n\n\n<p>\u201cEsta situaci\u00f3n se genera en un contexto de recesi\u00f3n econ\u00f3mica, la gente compra cada vez menos, solo lo esencial de la canasta alimentaria, la presi\u00f3n fiscal es cada vez mayor por parte de las administraciones tributarias, de las contribuciones parafiscales, los servicios p\u00fablicos cada vez aumentan sus costos sin que la calidad de los mismos mejore\u201d, expres\u00f3 Coronil al ser consultado sobre el impacto de los cortes el\u00e9ctricos.<\/p>\n\n\n\n<p>Asimismo, argument\u00f3 que esa empresa no reconoce las incomodidades que genera, a lo que se suma la deficiencia de otro servicio, como lo es el agua potable. \u00abAmbos tienen inmensas deficiencias y sin embargo aumentan sus tarifas, esperamos que esta situaci\u00f3n cese a la brevedad posible y no forme parte de unos de los m\u00faltiples problemas cr\u00f3nicos que afectan a nuestro pueblo\u201d, expres\u00f3 Coronil en el contacto telef\u00f3nico.<\/p>\n\n\n\n<p>@amandasaldivia <\/p>\n\n\n\n<p><\/p>\n","protected":false},"excerpt":{"rendered":"<p>Amanda Saldivia.- Los continuos cortes el\u00e9ctricos, por lapsos entre cuatro y cinco horas, afectan al sector comercial y de servicios de Altagracia de Orituco, el cual ya tiene que lidiar con el impacto de bajas ventas, altas tarifas de servicios p\u00fablicos y el pago de las obligaciones fiscales. As\u00ed lo<\/p>\n","protected":false},"author":2,"featured_media":7664,"comment_status":"open","ping_status":"open","sticky":false,"template":"","format":"standard","meta":{"advanced_seo_description":"","jetpack_seo_html_title":"","jetpack_seo_noindex":false,"_jetpack_memberships_contains_paid_content":false,"footnotes":"","jetpack_publicize_message":"","jetpack_publicize_feature_enabled":true,"jetpack_social_post_already_shared":true,"jetpack_social_options":{"image_generator_settings":{"template":"highway","enabled":false},"version":2}},"categories":[122,251],"tags":[8,7,32],"class_list":["post-7655","post","type-post","status-publish","format-standard","has-post-thumbnail","hentry","category-electricidad","category-webdealta","tag-altagraciadeorituco","tag-guarico","tag-webdealta",""],"jetpack_publicize_connections":[],"jetpack_featured_media_url":"https:\/\/webdealta.info\/wp-content\/uploads\/2023\/09\/calle-ilustres-proceres.png","jetpack_sharing_enabled":true,"jetpack_likes_enabled":true,"jetpack-related-posts":[],"jetpack_shortlink":"https:\/\/wp.me\/pcseDn-1Zt","_links":{"self":[{"href":"https:\/\/webdealta.info\/index.php?rest_route=\/wp\/v2\/posts\/7655","targetHints":{"allow":["GET"]}}],"collection":[{"href":"https:\/\/webdealta.info\/index.php?rest_route=\/wp\/v2\/posts"}],"about":[{"href":"https:\/\/webdealta.info\/index.php?rest_route=\/wp\/v2\/types\/post"}],"author":[{"embeddable":true,"href":"https:\/\/webdealta.info\/index.php?rest_route=\/wp\/v2\/users\/2"}],"replies":[{"embeddable":true,"href":"https:\/\/webdealta.info\/index.php?rest_route=%2Fwp%2Fv2%2Fcomments&post=7655"}],"version-history":[{"count":1,"href":"https:\/\/webdealta.info\/index.php?rest_route=\/wp\/v2\/posts\/7655\/revisions"}],"predecessor-version":[{"id":7657,"href":"https:\/\/webdealta.info\/index.php?rest_route=\/wp\/v2\/posts\/7655\/revisions\/7657"}],"wp:featuredmedia":[{"embeddable":true,"href":"https:\/\/webdealta.info\/index.php?rest_route=\/wp\/v2\/media\/7664"}],"wp:attachment":[{"href":"https:\/\/webdealta.info\/index.php?rest_route=%2Fwp%2Fv2%2Fmedia&parent=7655"}],"wp:term":[{"taxonomy":"category","embeddable":true,"href":"https:\/\/webdealta.info\/index.php?rest_route=%2Fwp%2Fv2%2Fcategories&post=7655"},{"taxonomy":"post_tag","embeddable":true,"href":"https:\/\/webdealta.info\/index.php?rest_route=%2Fwp%2Fv2%2Ftags&post=7655"}],"curies":[{"name":"wp","href":"https:\/\/api.w.org\/{rel}","templated":true}]}}