{"id":7651,"date":"2023-09-07T06:16:13","date_gmt":"2023-09-07T10:16:13","guid":{"rendered":"https:\/\/webdealta.info\/?p=7651"},"modified":"2023-09-07T06:16:14","modified_gmt":"2023-09-07T10:16:14","slug":"cnp-guarico-y-sector-salud-unidos-en-jornada-de-atencion-gremial","status":"publish","type":"post","link":"https:\/\/webdealta.info\/?p=7651","title":{"rendered":"CNP Gu\u00e1rico y sector salud unidos en Jornada de Atenci\u00f3n Gremial"},"content":{"rendered":"\n<p>Amanda Saldivia.-<\/p>\n\n\n\n<p>Con la esmerada atenci\u00f3n del equipo de salud, liderado por la Dra. Rosa Pedroso, coordinadora de la ASIC del municipio Jos\u00e9 Tadeo Monagas, se llev\u00f3 adelante en Altagracia de Orituco la Jornada de Atenci\u00f3n Gremial Periodistas Primero, iniciativa de la directiva del CNP seccional Gu\u00e1rico.<\/p>\n\n\n\n<p>Comunicadores sociales agremiados o no, familiares y reporteros gr\u00e1ficos asistieron al CDI Ricardo Isidro Bernal Ramos, ubicado en la urbanizaci\u00f3n El Diamante de esta localidad donde se prest\u00f3 el servicio de odontolog\u00eda, consulta de medicina general, pediatr\u00eda, ginecolog\u00eda, medicina interna y gastroenterolog\u00eda, adem\u00e1s de la entrega de algunos medicamentos.<\/p>\n\n\n\n<p>La Dra. Rosa Pedroso, en declaraciones ofrecida a este medio digital, dijo que la jornada de atenci\u00f3n integral dirigida al gremio period\u00edstico es un reconocimiento al trabajo que realizan en pro de mantener informada a la poblaci\u00f3n.<\/p>\n\n\n\n<p>Por su parte, la periodista Luisanny Marrero, calific\u00f3 de \u201cexcelente la atenci\u00f3n por parte de los m\u00e9dicos, de la doctora Rosa Pedroso, de todo el equipo est\u00e1 aqu\u00ed presente, ha sido una jornada muy beneficiosa para el gremio y nuestros familiares, en mi caso, mi pap\u00e1 fue atendido por la parte odontol\u00f3gica y muy agradecida por esta iniciativa\u201d.<\/p>\n\n\n\n<p>Al momento de la cobertura, adem\u00e1s de la licenciada Luisanny Marrero, estaba la periodista Meriyela Zerpa, as\u00ed como tambi\u00e9n los reporteros gr\u00e1ficos Marcos Gil y Beniamino Mastrolonardo.<\/p>\n\n\n\n<p>@amandasaldivia  <\/p>\n\n\n\n<p><\/p>\n","protected":false},"excerpt":{"rendered":"<p>Amanda Saldivia.- Con la esmerada atenci\u00f3n del equipo de salud, liderado por la Dra. Rosa Pedroso, coordinadora de la ASIC del municipio Jos\u00e9 Tadeo Monagas, se llev\u00f3 adelante en Altagracia de Orituco la Jornada de Atenci\u00f3n Gremial Periodistas Primero, iniciativa de la directiva del CNP seccional Gu\u00e1rico. Comunicadores sociales agremiados<\/p>\n","protected":false},"author":2,"featured_media":7652,"comment_status":"open","ping_status":"open","sticky":false,"template":"","format":"standard","meta":{"advanced_seo_description":"","jetpack_seo_html_title":"","jetpack_seo_noindex":false,"_jetpack_memberships_contains_paid_content":false,"footnotes":"","jetpack_publicize_message":"","jetpack_publicize_feature_enabled":true,"jetpack_social_post_already_shared":true,"jetpack_social_options":{"image_generator_settings":{"template":"highway","enabled":false},"version":2}},"categories":[12,251],"tags":[8,7,32],"class_list":["post-7651","post","type-post","status-publish","format-standard","has-post-thumbnail","hentry","category-salud","category-webdealta","tag-altagraciadeorituco","tag-guarico","tag-webdealta",""],"jetpack_publicize_connections":[],"jetpack_featured_media_url":"https:\/\/webdealta.info\/wp-content\/uploads\/2023\/09\/jornada-de-atencion-webdealta-cnp.png","jetpack_sharing_enabled":true,"jetpack_likes_enabled":true,"jetpack-related-posts":[],"jetpack_shortlink":"https:\/\/wp.me\/pcseDn-1Zp","_links":{"self":[{"href":"https:\/\/webdealta.info\/index.php?rest_route=\/wp\/v2\/posts\/7651","targetHints":{"allow":["GET"]}}],"collection":[{"href":"https:\/\/webdealta.info\/index.php?rest_route=\/wp\/v2\/posts"}],"about":[{"href":"https:\/\/webdealta.info\/index.php?rest_route=\/wp\/v2\/types\/post"}],"author":[{"embeddable":true,"href":"https:\/\/webdealta.info\/index.php?rest_route=\/wp\/v2\/users\/2"}],"replies":[{"embeddable":true,"href":"https:\/\/webdealta.info\/index.php?rest_route=%2Fwp%2Fv2%2Fcomments&post=7651"}],"version-history":[{"count":1,"href":"https:\/\/webdealta.info\/index.php?rest_route=\/wp\/v2\/posts\/7651\/revisions"}],"predecessor-version":[{"id":7653,"href":"https:\/\/webdealta.info\/index.php?rest_route=\/wp\/v2\/posts\/7651\/revisions\/7653"}],"wp:featuredmedia":[{"embeddable":true,"href":"https:\/\/webdealta.info\/index.php?rest_route=\/wp\/v2\/media\/7652"}],"wp:attachment":[{"href":"https:\/\/webdealta.info\/index.php?rest_route=%2Fwp%2Fv2%2Fmedia&parent=7651"}],"wp:term":[{"taxonomy":"category","embeddable":true,"href":"https:\/\/webdealta.info\/index.php?rest_route=%2Fwp%2Fv2%2Fcategories&post=7651"},{"taxonomy":"post_tag","embeddable":true,"href":"https:\/\/webdealta.info\/index.php?rest_route=%2Fwp%2Fv2%2Ftags&post=7651"}],"curies":[{"name":"wp","href":"https:\/\/api.w.org\/{rel}","templated":true}]}}