{"id":7647,"date":"2023-09-05T21:45:04","date_gmt":"2023-09-06T01:45:04","guid":{"rendered":"https:\/\/webdealta.info\/?p=7647"},"modified":"2023-09-05T21:45:07","modified_gmt":"2023-09-06T01:45:07","slug":"agosto-atipico-en-el-orituco-por-altas-temperaturas","status":"publish","type":"post","link":"https:\/\/webdealta.info\/?p=7647","title":{"rendered":"Agosto at\u00edpico en el Orituco por altas temperaturas"},"content":{"rendered":"\n<p>Amanda Saldivia.-<\/p>\n\n\n\n<p>Como un agosto at\u00edpico calific\u00f3 el t\u00e9cnico en hidrometeorolog\u00eda Javier \u00c1lvarez el comportamiento del clima en Altagracia de Orituco, debido al incremento en las temperaturas, ya que el promedio fue de 27,2 \u00b0C, lo cual ubica este par\u00e1metro por encima en 1,9 \u00b0C; en comparaci\u00f3n con el dato hist\u00f3rico para el mes, que es de 25,3 \u00b0C.<\/p>\n\n\n\n<p>La informaci\u00f3n forma parte de los datos que arroja la estaci\u00f3n del Inameh Altagracia \u2013 Apasygua, instalada hace m\u00e1s de un a\u00f1o en esa asociaci\u00f3n de productores, a los fines de retomar el an\u00e1lisis climatol\u00f3gico de esta regi\u00f3n del estado Gu\u00e1rico.<\/p>\n\n\n\n<p>En el informe, Javier \u00c1lvarez explica que ese comportamiento at\u00edpico de las temperaturas llev\u00f3 a que los habitantes de Altagracia y zonas cercanas manifestaran sentir m\u00e1s calor de lo \u201cnormal\u201d, en virtud de que \u201cfueron muy escasos los d\u00edas en que refresco por la tarde, el sofocante calor que se sinti\u00f3 desde la ma\u00f1ana de cada d\u00eda;\u00a0la relaci\u00f3n temperatura humedad fue determinante, ya que la incidencia de la radiaci\u00f3n sobrecalent\u00f3 esa masa de agua circulante para mantener esa temperatura en alza\u201d.<\/p>\n\n\n\n<p>En cuanto a las precipitaciones, plasm\u00f3 que en el punto de la estaci\u00f3n se pueden calificar como moderadas y debiles, porque hay \u201cun per\u00edodo de 24 horas con una lluvia de 63,8 mm, del resto la mayor\u00eda no super\u00f3 los 40.0 mm en 24 horas, se registro lluvia en 15 d\u00edas, el total del mes fue de 179,8 mm, alcanzando el 83 % del promedio de la zona que es de 216,5 mm\u201d.<\/p>\n\n\n\n<p>Sobre ese registr\u00f3 acot\u00f3 que \u201caunque a simple vista pareciera que agosto fue un mes muy seco, realmente no fue as\u00ed, a\u00fan quedan dos meses importantes de lluvia, aunque tradicionalmente septiembre no tenga eventos fuertes, s\u00ed tenemos experiencias y registros que octubre si ha tenido impactos importantes con lluvias muy copiosas, por lo que no se debe bajar la guardia y estar pendientes de estos meses venideros\u201d.<\/p>\n\n\n\n<p>@amandasaldivia <\/p>\n\n\n\n<p><\/p>\n","protected":false},"excerpt":{"rendered":"<p>Amanda Saldivia.- Como un agosto at\u00edpico calific\u00f3 el t\u00e9cnico en hidrometeorolog\u00eda Javier \u00c1lvarez el comportamiento del clima en Altagracia de Orituco, debido al incremento en las temperaturas, ya que el promedio fue de 27,2 \u00b0C, lo cual ubica este par\u00e1metro por encima en 1,9 \u00b0C; en comparaci\u00f3n con el dato<\/p>\n","protected":false},"author":2,"featured_media":7648,"comment_status":"open","ping_status":"open","sticky":false,"template":"","format":"standard","meta":{"advanced_seo_description":"","jetpack_seo_html_title":"","jetpack_seo_noindex":false,"_jetpack_memberships_contains_paid_content":false,"footnotes":"","jetpack_publicize_message":"","jetpack_publicize_feature_enabled":true,"jetpack_social_post_already_shared":true,"jetpack_social_options":{"image_generator_settings":{"template":"highway","enabled":false},"version":2}},"categories":[316,251],"tags":[],"class_list":["post-7647","post","type-post","status-publish","format-standard","has-post-thumbnail","hentry","category-clima","category-webdealta",""],"jetpack_publicize_connections":[],"jetpack_featured_media_url":"https:\/\/webdealta.info\/wp-content\/uploads\/2023\/09\/agosto-clima-webdealta-apa.png","jetpack_sharing_enabled":true,"jetpack_likes_enabled":true,"jetpack-related-posts":[],"jetpack_shortlink":"https:\/\/wp.me\/pcseDn-1Zl","_links":{"self":[{"href":"https:\/\/webdealta.info\/index.php?rest_route=\/wp\/v2\/posts\/7647","targetHints":{"allow":["GET"]}}],"collection":[{"href":"https:\/\/webdealta.info\/index.php?rest_route=\/wp\/v2\/posts"}],"about":[{"href":"https:\/\/webdealta.info\/index.php?rest_route=\/wp\/v2\/types\/post"}],"author":[{"embeddable":true,"href":"https:\/\/webdealta.info\/index.php?rest_route=\/wp\/v2\/users\/2"}],"replies":[{"embeddable":true,"href":"https:\/\/webdealta.info\/index.php?rest_route=%2Fwp%2Fv2%2Fcomments&post=7647"}],"version-history":[{"count":1,"href":"https:\/\/webdealta.info\/index.php?rest_route=\/wp\/v2\/posts\/7647\/revisions"}],"predecessor-version":[{"id":7649,"href":"https:\/\/webdealta.info\/index.php?rest_route=\/wp\/v2\/posts\/7647\/revisions\/7649"}],"wp:featuredmedia":[{"embeddable":true,"href":"https:\/\/webdealta.info\/index.php?rest_route=\/wp\/v2\/media\/7648"}],"wp:attachment":[{"href":"https:\/\/webdealta.info\/index.php?rest_route=%2Fwp%2Fv2%2Fmedia&parent=7647"}],"wp:term":[{"taxonomy":"category","embeddable":true,"href":"https:\/\/webdealta.info\/index.php?rest_route=%2Fwp%2Fv2%2Fcategories&post=7647"},{"taxonomy":"post_tag","embeddable":true,"href":"https:\/\/webdealta.info\/index.php?rest_route=%2Fwp%2Fv2%2Ftags&post=7647"}],"curies":[{"name":"wp","href":"https:\/\/api.w.org\/{rel}","templated":true}]}}