{"id":7639,"date":"2023-09-04T19:50:02","date_gmt":"2023-09-04T23:50:02","guid":{"rendered":"https:\/\/webdealta.info\/?p=7639"},"modified":"2023-09-04T19:50:04","modified_gmt":"2023-09-04T23:50:04","slug":"guarico-presente-ministerio-de-petroleo-se-sumo-zeeao","status":"publish","type":"post","link":"https:\/\/webdealta.info\/?p=7639","title":{"rendered":"Gu\u00e1rico presente: Ministerio de Petr\u00f3leo se sum\u00f3 ZEEAO"},"content":{"rendered":"\n<p>A fin de seguir trabajando en equipo por la recuperaci\u00f3n econ\u00f3mica del pa\u00eds, el ministro del Poder Popular de Petr\u00f3leo, Pedro Rafael Tellechea, se sum\u00f3 a la tercera reuni\u00f3n de la Zona Econ\u00f3mica Especial Agroalimentaria de Oriente (Zeeao), que tuvo lugar en el estado Anzo\u00e1tegui, espec\u00edficamente en la Base A\u00e9rea \u201cTeniente Luis del Valle Garc\u00eda\u201d en Barcelona.<\/p>\n\n\n\n<p>De esta forma, ministros,&nbsp; gobernadores, y otros funcionarios del Gobierno Bolivariano se dieron cita a fin de ampliar los detalles acerca de la conformaci\u00f3n de esta zona, que tiene como objetivo impulsar cada uno de los estados que pertenecen para que se conviertan en motores que propulsar\u00e1n el desarrollo industrial de la naci\u00f3n.<\/p>\n\n\n\n<p>Al incorporar a la fuerza trabajadora del Ministerio de Petr\u00f3leo a\u00a0 estas reuniones, se busca garantizar las pol\u00edticas en materia de transporte rural, ya que la <strong>zona comprende gran territorio\u00a0 (oriente de Gu\u00e1rico, sur de Anzo\u00e1tegui, centro-occidente de Monagas, sur de Sucre y norte de Bol\u00edvar<\/strong>), por lo cual se necesita traslado de las cosechas, asimismo garantizar apoyo a los productores y campesinos.<\/p>\n\n\n\n<p>A prop\u00f3sito de esto, dentro de las claves fundamentales de esta innovaci\u00f3n en Venezuela con las ZEE, para que la inversi\u00f3n y la productividad trabajen por el futuro del pa\u00eds, se encuentra la n\u00famero nueve que reza de la siguiente manera: \u201cVan a dar gran poder a los estados, porque permitir\u00e1n el desarrollo del empresariado nacional, el desarrollo de todos los motores, de la industria, para la integraci\u00f3n de inversiones mixtas nacionales e internacionales\u201d.<\/p>\n\n\n\n<p>Posterior a la evaluaci\u00f3n de todo el potencial productivo acu\u00edcola, pisc\u00edcola, agroforestal, animal, vegetal, entre otros, los miembros de la Zeaao, en conjunto con el ministro Castro Soteldo, proceder\u00e1n a hacer la entrega del documento al presidente Nicol\u00e1s Maduro para que con los equipos t\u00e9cnicos, puedan en la Asamblea Nacional proceder a declarar formalmente la Zona Econ\u00f3mica Especial Agroalimentaria del Oriente Venezolano.<\/p>\n\n\n\n<p>De esta forma, en las fotos se puedenapreciar, de izquierda a derecha: Jos\u00e9 V\u00e1squez, gobernador de Gu\u00e1rico; \u00c1ngel Marcano, gobernador de Bol\u00edvar; Luis Jos\u00e9 Marcano, gobernador de\u00a0 Anzo\u00e1tegui;Gilberto Pinto, gobernador de Sucre; Pedro Rafael Tellechea, ministro de Petr\u00f3leo; Wilmar Castro Soteldo, ministro de Agricultura Productiva;G\/D Omar <em>P\u00e9rez La Rosa, Comandante de la ZODI Anzo\u00e1tegui; <\/em>Juan Carlos Loyo, ministro de Pesca; Ernesto Luna, gobernador de Monagas.<\/p>\n\n\n\n<p>Prensa Sibci Gu\u00e1rico<\/p>\n\n\n\n<p><\/p>\n","protected":false},"excerpt":{"rendered":"<p>A fin de seguir trabajando en equipo por la recuperaci\u00f3n econ\u00f3mica del pa\u00eds, el ministro del Poder Popular de Petr\u00f3leo, Pedro Rafael Tellechea, se sum\u00f3 a la tercera reuni\u00f3n de la Zona Econ\u00f3mica Especial Agroalimentaria de Oriente (Zeeao), que tuvo lugar en el estado Anzo\u00e1tegui, espec\u00edficamente en la Base A\u00e9rea<\/p>\n","protected":false},"author":2,"featured_media":7640,"comment_status":"open","ping_status":"open","sticky":false,"template":"","format":"standard","meta":{"advanced_seo_description":"","jetpack_seo_html_title":"","jetpack_seo_noindex":false,"_jetpack_memberships_contains_paid_content":false,"footnotes":"","jetpack_publicize_message":"","jetpack_publicize_feature_enabled":true,"jetpack_social_post_already_shared":true,"jetpack_social_options":{"image_generator_settings":{"template":"highway","enabled":false},"version":2}},"categories":[19,251],"tags":[8,7,32],"class_list":["post-7639","post","type-post","status-publish","format-standard","has-post-thumbnail","hentry","category-agro","category-webdealta","tag-altagraciadeorituco","tag-guarico","tag-webdealta",""],"jetpack_publicize_connections":[],"jetpack_featured_media_url":"https:\/\/webdealta.info\/wp-content\/uploads\/2023\/09\/zona-especial-agro-webdealta.png","jetpack_sharing_enabled":true,"jetpack_likes_enabled":true,"jetpack-related-posts":[],"jetpack_shortlink":"https:\/\/wp.me\/pcseDn-1Zd","_links":{"self":[{"href":"https:\/\/webdealta.info\/index.php?rest_route=\/wp\/v2\/posts\/7639","targetHints":{"allow":["GET"]}}],"collection":[{"href":"https:\/\/webdealta.info\/index.php?rest_route=\/wp\/v2\/posts"}],"about":[{"href":"https:\/\/webdealta.info\/index.php?rest_route=\/wp\/v2\/types\/post"}],"author":[{"embeddable":true,"href":"https:\/\/webdealta.info\/index.php?rest_route=\/wp\/v2\/users\/2"}],"replies":[{"embeddable":true,"href":"https:\/\/webdealta.info\/index.php?rest_route=%2Fwp%2Fv2%2Fcomments&post=7639"}],"version-history":[{"count":1,"href":"https:\/\/webdealta.info\/index.php?rest_route=\/wp\/v2\/posts\/7639\/revisions"}],"predecessor-version":[{"id":7641,"href":"https:\/\/webdealta.info\/index.php?rest_route=\/wp\/v2\/posts\/7639\/revisions\/7641"}],"wp:featuredmedia":[{"embeddable":true,"href":"https:\/\/webdealta.info\/index.php?rest_route=\/wp\/v2\/media\/7640"}],"wp:attachment":[{"href":"https:\/\/webdealta.info\/index.php?rest_route=%2Fwp%2Fv2%2Fmedia&parent=7639"}],"wp:term":[{"taxonomy":"category","embeddable":true,"href":"https:\/\/webdealta.info\/index.php?rest_route=%2Fwp%2Fv2%2Fcategories&post=7639"},{"taxonomy":"post_tag","embeddable":true,"href":"https:\/\/webdealta.info\/index.php?rest_route=%2Fwp%2Fv2%2Ftags&post=7639"}],"curies":[{"name":"wp","href":"https:\/\/api.w.org\/{rel}","templated":true}]}}