{"id":7634,"date":"2023-09-03T19:02:42","date_gmt":"2023-09-03T23:02:42","guid":{"rendered":"https:\/\/webdealta.info\/?p=7634"},"modified":"2023-09-03T19:02:43","modified_gmt":"2023-09-03T23:02:43","slug":"mas-de-500-pacientes-asistieron-a-la-ii-jornada-del-centro-medico-orituco","status":"publish","type":"post","link":"https:\/\/webdealta.info\/?p=7634","title":{"rendered":"M\u00e1s de 500 pacientes asistieron a la II Jornada del Centro M\u00e9dico Orituco"},"content":{"rendered":"\n<p>Amanda Saldivia.-<\/p>\n\n\n\n<p>Para cerrar el mes aniversario el Centro M\u00e9dico Orituco realiz\u00f3 la II Jornada de Consultas M\u00e9dicas y Estudios Especiales, con la atenci\u00f3n de m\u00e1s de 500 pacientes provenientes de las distintas parroquias del municipio Jos\u00e9 Tadeo Monagas, Gu\u00e1rico, y de las poblaciones del sur de Aragua y de Anzo\u00e1tegui.<\/p>\n\n\n\n<p>El balance lo present\u00f3 la Dra. Milvia Garc\u00eda, presidente de la Junta Directiva, quien agradeci\u00f3 a los colegas \u201cpor estar dispuestos a ayudar en la responsabilidad social empresarial que tenemos todos los accionistas de esta empresa de salud, para as\u00ed ayudar a los m\u00e1s necesitados\u2026agradecida con el personal por estar comprometidos y demostrar su amor por lo que hacen\u201d.<\/p>\n\n\n\n<p>Es importante destacar que el Centro M\u00e9dico Orituco cumpli\u00f3 32 a\u00f1os de fundado el pasado 3 de agosto y en ese marco realiz\u00f3 la I Jornada de Consultas M\u00e9dicas y Estudios Especiales con la atenci\u00f3n de m\u00e1s de 250 pacientes.<\/p>\n\n\n\n<p>En esa oportunidad, la Dra. Milvia Garc\u00eda dijo que la afluencia de pacientes en busca de atenci\u00f3n a bajos precios deb\u00eda llamar la atenci\u00f3n de todos, motivo por el cual la Junta Directiva decidi\u00f3 cerrar el mes aniversario con otra jornada, la cual fue a\u00fan m\u00e1s exitosa que la primera, porque se diversific\u00f3 la atenci\u00f3n de los especialistas por dos d\u00edas, es decir jueves 31 de agosto y viernes primero de septiembre.<\/p>\n\n\n\n<p>Aunque la Dra. Garc\u00eda mencion\u00f3 que cerr\u00f3 el mes aniversario con esa jornada, no se descarta que esa instituci\u00f3n lleve adelante otras iniciativas que permitan acceso a consultas y ex\u00e1menes m\u00e1s econ\u00f3micos como parte de la responsabilidad social empresarial.<\/p>\n\n\n\n<p>@amandasaldivia<\/p>\n\n\n\n<p><\/p>\n","protected":false},"excerpt":{"rendered":"<p>Amanda Saldivia.- Para cerrar el mes aniversario el Centro M\u00e9dico Orituco realiz\u00f3 la II Jornada de Consultas M\u00e9dicas y Estudios Especiales, con la atenci\u00f3n de m\u00e1s de 500 pacientes provenientes de las distintas parroquias del municipio Jos\u00e9 Tadeo Monagas, Gu\u00e1rico, y de las poblaciones del sur de Aragua y de<\/p>\n","protected":false},"author":2,"featured_media":7635,"comment_status":"open","ping_status":"open","sticky":false,"template":"","format":"standard","meta":{"advanced_seo_description":"","jetpack_seo_html_title":"","jetpack_seo_noindex":false,"_jetpack_memberships_contains_paid_content":false,"footnotes":"","jetpack_publicize_message":"","jetpack_publicize_feature_enabled":true,"jetpack_social_post_already_shared":true,"jetpack_social_options":{"image_generator_settings":{"template":"highway","enabled":false},"version":2}},"categories":[156,12,251],"tags":[8,7,32],"class_list":["post-7634","post","type-post","status-publish","format-standard","has-post-thumbnail","hentry","category-publirreportaje","category-salud","category-webdealta","tag-altagraciadeorituco","tag-guarico","tag-webdealta",""],"jetpack_publicize_connections":[],"jetpack_featured_media_url":"https:\/\/webdealta.info\/wp-content\/uploads\/2023\/09\/webdealta-salud-cmo.png","jetpack_sharing_enabled":true,"jetpack_likes_enabled":true,"jetpack-related-posts":[],"jetpack_shortlink":"https:\/\/wp.me\/pcseDn-1Z8","_links":{"self":[{"href":"https:\/\/webdealta.info\/index.php?rest_route=\/wp\/v2\/posts\/7634","targetHints":{"allow":["GET"]}}],"collection":[{"href":"https:\/\/webdealta.info\/index.php?rest_route=\/wp\/v2\/posts"}],"about":[{"href":"https:\/\/webdealta.info\/index.php?rest_route=\/wp\/v2\/types\/post"}],"author":[{"embeddable":true,"href":"https:\/\/webdealta.info\/index.php?rest_route=\/wp\/v2\/users\/2"}],"replies":[{"embeddable":true,"href":"https:\/\/webdealta.info\/index.php?rest_route=%2Fwp%2Fv2%2Fcomments&post=7634"}],"version-history":[{"count":1,"href":"https:\/\/webdealta.info\/index.php?rest_route=\/wp\/v2\/posts\/7634\/revisions"}],"predecessor-version":[{"id":7636,"href":"https:\/\/webdealta.info\/index.php?rest_route=\/wp\/v2\/posts\/7634\/revisions\/7636"}],"wp:featuredmedia":[{"embeddable":true,"href":"https:\/\/webdealta.info\/index.php?rest_route=\/wp\/v2\/media\/7635"}],"wp:attachment":[{"href":"https:\/\/webdealta.info\/index.php?rest_route=%2Fwp%2Fv2%2Fmedia&parent=7634"}],"wp:term":[{"taxonomy":"category","embeddable":true,"href":"https:\/\/webdealta.info\/index.php?rest_route=%2Fwp%2Fv2%2Fcategories&post=7634"},{"taxonomy":"post_tag","embeddable":true,"href":"https:\/\/webdealta.info\/index.php?rest_route=%2Fwp%2Fv2%2Ftags&post=7634"}],"curies":[{"name":"wp","href":"https:\/\/api.w.org\/{rel}","templated":true}]}}